{"id":72083,"date":"2025-12-04T19:14:44","date_gmt":"2025-12-04T16:14:44","guid":{"rendered":"https:\/\/www.egemtv.com\/?p=72083"},"modified":"2025-12-04T19:14:45","modified_gmt":"2025-12-04T16:14:45","slug":"hasan-nuri-ve-abide-oncuer-huzurevinin-temeli-dualarla-atildi","status":"publish","type":"post","link":"https:\/\/www.egemtv.com\/?p=72083","title":{"rendered":"Hasan Nuri ve Abide \u00d6nc\u00fcer Huzurevi\u2019nin temeli dualarla at\u0131ld\u0131"},"content":{"rendered":"<p>Mu\u011fla B\u00fcy\u00fck\u015fehir Belediyesi, ya\u015fl\u0131 vatanda\u015flara modern ve kapsaml\u0131 hizmet sunacak olan Hasan Nuri ve Abide \u00d6nc\u00fcer Huzurevi\u2019nin temelini Mente\u015fe\u2019de d\u00fczenlenen t\u00f6renle att\u0131. Depreme dayan\u0131ks\u0131z oldu\u011fu tespit edilen eski huzurevinin yerine yap\u0131lacak yeni tesisin temeli at\u0131ld\u0131.<br \/>\n<br \/>&#8220;Sadece bir huzurevi de\u011fil, bir ya\u015fam kompleksi&#8221;<br \/>\n<br \/>T\u00f6rende konu\u015fan Mente\u015fe Belediye Ba\u015fkan\u0131 Gonca K\u00f6ksal Aras, Mu\u011fla B\u00fcy\u00fck\u015fehir Belediyesi\u2019nin il\u00e7eye \u00f6nemli bir yat\u0131r\u0131m kazand\u0131rd\u0131\u011f\u0131n\u0131 belirtti. \u00dc\u00e7 hafta \u00f6nce Hasan \u00d6zcan Huzurevi\u2019nin a\u00e7\u0131l\u0131\u015f\u0131n\u0131 ger\u00e7ekle\u015ftirdiklerini hat\u0131rlatan Aras, bu t\u00fcr hizmetlerin toplumda b\u00fcy\u00fck kar\u015f\u0131l\u0131k g\u00f6rd\u00fc\u011f\u00fcn\u00fc ifade etti.<br \/>\n<br \/>Yeni huzurevinin 9 bin 500 metrekare kapal\u0131 alana sahip bir ya\u015fam kompleksi olaca\u011f\u0131n\u0131 vurgulayan K\u00f6ksal Aras, tesiste Rehabilitasyon Merkezi, G\u00fcnd\u00fcz Bak\u0131m Evi ve Sosyal Ya\u015fam Alanlar\u0131n\u0131n da yer alaca\u011f\u0131n\u0131 s\u00f6yledi. Aras, &#8220;Doktorundan hem\u015firesine, psikolo\u011fundan fizyoterapistine kadar t\u00fcm sa\u011fl\u0131k hizmetleri bu kompleks i\u00e7inde verilecek&#8221; dedi.<br \/>\n<br \/>Mente\u015fe Belediyesi\u2019nin 12 Aral\u0131k\u2019ta T\u00fcrkan Saylan \u00c7a\u011fda\u015f Ya\u015fam Merkezi\u2019nde ekolojik gerontoloji ve ya\u015flanma etkinli\u011fi d\u00fczenleyece\u011fini belirten Mente\u015fe Belediye Ba\u015fkan\u0131 Aras, t\u00fcm ya\u015fl\u0131lar\u0131 bu organizasyona davet etti.<br \/>\n<br \/>K\u00f6ksal Aras, tesisin ad\u0131n\u0131 veren Hasan Nuri ve Abide \u00d6nc\u00fcer\u2019in ba\u011f\u0131\u015f\u0131n\u0131n k\u0131ymetli oldu\u011funu dile getirerek ba\u011f\u0131\u015f\u00e7\u0131lar\u0131n k\u0131z\u0131 H\u00fclya Han\u0131m ve torunu Erdem Bey\u2019e te\u015fekk\u00fcr etti.<br \/>\n<br \/>Ba\u015fkan Ahmet Aras: &#8220;Baz\u0131 i\u015fler beklemez, bu proje onlardan biri&#8221;<br \/>\n<br \/>Mu\u011fla B\u00fcy\u00fck\u015fehir Belediye Ba\u015fkan\u0131 Ahmet Aras, eski huzurevinde yap\u0131lan inceleme sonucunda binan\u0131n \u2019\u00c7\u00fcr\u00fck raporu\u2019 ald\u0131\u011f\u0131n\u0131 belirterek, h\u0131zl\u0131ca harekete ge\u00e7tiklerini s\u00f6yledi. Ba\u015fkan Aras, &#8220;Baz\u0131 \u015feyler vard\u0131r ki beklemez. Buras\u0131 da onlardan biri. Ya\u015fl\u0131lar\u0131m\u0131z\u0131n ya\u015fad\u0131\u011f\u0131 bir binan\u0131n y\u0131k\u0131lma tehlikesi kabul edilemez. Acele etmemiz gerekiyordu&#8221; diyen Aras, huzurevi sakinlerinin g\u00fcvenli \u015fekilde ba\u015fka tesislere nakledildi\u011fini, binan\u0131n y\u0131k\u0131ld\u0131\u011f\u0131n\u0131 ve yeni projenin Aile ve Sosyal Politikalar Bakanl\u0131\u011f\u0131\u2019n\u0131n g\u00f6r\u00fc\u015fleri do\u011frultusunda haz\u0131rland\u0131\u011f\u0131n\u0131 vurgulad\u0131.<br \/>\n<br \/>Ba\u015fkan Aras, Mu\u011fla\u2019da huzurevleri konusunda b\u00fcy\u00fck bir i\u015f birli\u011fi yakaland\u0131\u011f\u0131n\u0131 ifade ederek, &#8220;Di\u011fer illerde olmayan b\u00fcy\u00fck bir i\u015f birli\u011fi ile hay\u0131rseverlerimiz, devletimiz ve yerel y\u00f6netimler hep birlikte \u00f6nemli bir yol al\u0131yoruz. G\u00f6reve geldi\u011fimiz bir bu\u00e7uk y\u0131ldan bu yana toplumun her kesimine hizmet etmeye \u00e7al\u0131\u015f\u0131yoruz. Ekibimdeki hi\u00e7bir arkada\u015f\u0131m mazeret \u00fcretmiyor, halka verdi\u011fimiz s\u00f6zlere ba\u011fl\u0131 kal\u0131yoruz&#8221; dedi.<br \/>\n<br \/>Mu\u011fla B\u00fcy\u00fck\u015fehir Belediye Ba\u015fkan\u0131 Aras, Mu\u011fla\u2019da merkezi h\u00fck\u00fcmet temsilcileri, yerel y\u00f6netimler, sivil toplum kurulu\u015flar\u0131 ve halk aras\u0131nda g\u00fc\u00e7l\u00fc bir g\u00f6n\u00fcl ba\u011f\u0131 olu\u015ftu\u011funu da s\u00f6zlerine ekledi.<br \/>\n<br \/>Konu\u015fmalar\u0131n ard\u0131ndan yap\u0131lan dualar e\u015fli\u011finde Hasan Nuri ve Abide \u00d6nc\u00fcer Huzurevi\u2019nin temeline ilk har\u00e7 konuldu.<br \/><\/p>\n","protected":false},"excerpt":{"rendered":"<p>Mu\u011fla B\u00fcy\u00fck\u015fehir Belediyesi, ya\u015fl\u0131 vatanda\u015flara modern ve kapsaml\u0131 hizmet sunacak olan Hasan Nuri ve Abide \u00d6nc\u00fcer Huzurevi\u2019nin temelini Mente\u015fe\u2019de d\u00fczenlenen t\u00f6renle att\u0131. Depreme dayan\u0131ks\u0131z oldu\u011fu tespit edilen eski huzurevinin yerine yap\u0131lacak yeni tesisin temeli at\u0131ld\u0131. &#8220;Sadece bir huzurevi de\u011fil, bir ya\u015fam kompleksi&#8221; T\u00f6rende konu\u015fan Mente\u015fe Belediye Ba\u015fkan\u0131 Gonca K\u00f6ksal Aras, Mu\u011fla B\u00fcy\u00fck\u015fehir Belediyesi\u2019nin il\u00e7eye \u00f6nemli&#8230;<\/p>\n","protected":false},"author":1,"featured_media":72084,"comment_status":"open","ping_status":"open","sticky":false,"template":"","format":"standard","meta":{"_crdt_document":"","footnotes":""},"categories":[123],"tags":[],"class_list":["post-72083","post","type-post","status-publish","format-standard","has-post-thumbnail","hentry","category-gundem"],"_links":{"self":[{"href":"https:\/\/www.egemtv.com\/index.php?rest_route=\/wp\/v2\/posts\/72083","targetHints":{"allow":["GET"]}}],"collection":[{"href":"https:\/\/www.egemtv.com\/index.php?rest_route=\/wp\/v2\/posts"}],"about":[{"href":"https:\/\/www.egemtv.com\/index.php?rest_route=\/wp\/v2\/types\/post"}],"author":[{"embeddable":true,"href":"https:\/\/www.egemtv.com\/index.php?rest_route=\/wp\/v2\/users\/1"}],"replies":[{"embeddable":true,"href":"https:\/\/www.egemtv.com\/index.php?rest_route=%2Fwp%2Fv2%2Fcomments&post=72083"}],"version-history":[{"count":1,"href":"https:\/\/www.egemtv.com\/index.php?rest_route=\/wp\/v2\/posts\/72083\/revisions"}],"predecessor-version":[{"id":72085,"href":"https:\/\/www.egemtv.com\/index.php?rest_route=\/wp\/v2\/posts\/72083\/revisions\/72085"}],"wp:featuredmedia":[{"embeddable":true,"href":"https:\/\/www.egemtv.com\/index.php?rest_route=\/wp\/v2\/media\/72084"}],"wp:attachment":[{"href":"https:\/\/www.egemtv.com\/index.php?rest_route=%2Fwp%2Fv2%2Fmedia&parent=72083"}],"wp:term":[{"taxonomy":"category","embeddable":true,"href":"https:\/\/www.egemtv.com\/index.php?rest_route=%2Fwp%2Fv2%2Fcategories&post=72083"},{"taxonomy":"post_tag","embeddable":true,"href":"https:\/\/www.egemtv.com\/index.php?rest_route=%2Fwp%2Fv2%2Ftags&post=72083"}],"curies":[{"name":"wp","href":"https:\/\/api.w.org\/{rel}","templated":true}]}}