{"id":72080,"date":"2025-12-04T18:14:54","date_gmt":"2025-12-04T15:14:54","guid":{"rendered":"https:\/\/www.egemtv.com\/?p=72080"},"modified":"2025-12-04T18:14:55","modified_gmt":"2025-12-04T15:14:55","slug":"buyuksehir-belediyesi-kusadasinin-yollarini-yenilemeyi-surduruyor","status":"publish","type":"post","link":"https:\/\/www.egemtv.com\/?p=72080","title":{"rendered":"B\u00fcy\u00fck\u015fehir Belediyesi, Ku\u015fadas\u0131\u2019n\u0131n yollar\u0131n\u0131 yenilemeyi s\u00fcrd\u00fcr\u00fcyor"},"content":{"rendered":"<p>Ayd\u0131n B\u00fcy\u00fck\u015fehir Belediyesi, kent genelinde e\u015f zamanl\u0131 olarak s\u00fcrd\u00fcrd\u00fc\u011f\u00fc yol yap\u0131m ve yenileme \u00e7al\u0131\u015fmalar\u0131na h\u0131z kesmeden devam ediyor.<\/p>\n<p>B\u00fcy\u00fck\u015fehir Belediyesi, Ku\u015fadas\u0131 il\u00e7esi De\u011firmendere Mahallesi 3538 Cadde\u2019de yol yap\u0131m ve d\u00fczenleme \u00e7al\u0131\u015fmalar\u0131na ba\u015flad\u0131. Fen \u0130\u015fleri Dairesi Ba\u015fkanl\u0131\u011f\u0131 ekipleri taraf\u0131ndan h\u0131zla ve titizlikle s\u00fcrd\u00fcr\u00fclen \u00e7al\u0131\u015fmalar ile yol daha g\u00fcvenli ve konforlu bir hale gelecek.<\/p>\n<p>Ba\u015fkan \u00c7er\u00e7io\u011flu: &#8220;T\u00fcm il\u00e7elerimizde \u00e7al\u0131\u015fmalar\u0131m\u0131z devam edecek&#8221;<br \/>\n<br \/>Ayd\u0131n\u2019\u0131n t\u00fcm il\u00e7elerinde \u00e7al\u0131\u015fmalar\u0131n devam edece\u011fini belirten Ayd\u0131n B\u00fcy\u00fck\u015fehir Belediye Ba\u015fkan\u0131 \u00d6zlem \u00c7er\u00e7io\u011flu, &#8220;G\u00fczel Ayd\u0131n\u0131m\u0131z\u0131n d\u00f6rt bir yan\u0131nda hayata ge\u00e7irdi\u011fimiz yol yap\u0131m ve yenileme \u00e7al\u0131\u015fmalar\u0131m\u0131z\u0131 e\u015f zamanl\u0131 olarak s\u00fcrd\u00fcr\u00fcyoruz. Hem\u015fehrilerimizi hizmetlerimiz ile bulu\u015fturmaya devam edece\u011fiz&#8221; ifadelerini kulland\u0131.<\/p>\n<p>\u00c7al\u0131\u015fmalardan duyduklar\u0131 memnuniyeti dile getiren mahalle sakinleri, Ba\u015fkan \u00c7er\u00e7io\u011flu\u2019na te\u015fekk\u00fcr etti.<br \/><\/p>\n","protected":false},"excerpt":{"rendered":"<p>Ayd\u0131n B\u00fcy\u00fck\u015fehir Belediyesi, kent genelinde e\u015f zamanl\u0131 olarak s\u00fcrd\u00fcrd\u00fc\u011f\u00fc yol yap\u0131m ve yenileme \u00e7al\u0131\u015fmalar\u0131na h\u0131z kesmeden devam ediyor. B\u00fcy\u00fck\u015fehir Belediyesi, Ku\u015fadas\u0131 il\u00e7esi De\u011firmendere Mahallesi 3538 Cadde\u2019de yol yap\u0131m ve d\u00fczenleme \u00e7al\u0131\u015fmalar\u0131na ba\u015flad\u0131. Fen \u0130\u015fleri Dairesi Ba\u015fkanl\u0131\u011f\u0131 ekipleri taraf\u0131ndan h\u0131zla ve titizlikle s\u00fcrd\u00fcr\u00fclen \u00e7al\u0131\u015fmalar ile yol daha g\u00fcvenli ve konforlu bir hale gelecek. Ba\u015fkan \u00c7er\u00e7io\u011flu: &#8220;T\u00fcm&#8230;<\/p>\n","protected":false},"author":1,"featured_media":72081,"comment_status":"open","ping_status":"open","sticky":false,"template":"","format":"standard","meta":{"_crdt_document":"","footnotes":""},"categories":[1],"tags":[],"class_list":["post-72080","post","type-post","status-publish","format-standard","has-post-thumbnail","hentry","category-guncel"],"_links":{"self":[{"href":"https:\/\/www.egemtv.com\/index.php?rest_route=\/wp\/v2\/posts\/72080","targetHints":{"allow":["GET"]}}],"collection":[{"href":"https:\/\/www.egemtv.com\/index.php?rest_route=\/wp\/v2\/posts"}],"about":[{"href":"https:\/\/www.egemtv.com\/index.php?rest_route=\/wp\/v2\/types\/post"}],"author":[{"embeddable":true,"href":"https:\/\/www.egemtv.com\/index.php?rest_route=\/wp\/v2\/users\/1"}],"replies":[{"embeddable":true,"href":"https:\/\/www.egemtv.com\/index.php?rest_route=%2Fwp%2Fv2%2Fcomments&post=72080"}],"version-history":[{"count":1,"href":"https:\/\/www.egemtv.com\/index.php?rest_route=\/wp\/v2\/posts\/72080\/revisions"}],"predecessor-version":[{"id":72082,"href":"https:\/\/www.egemtv.com\/index.php?rest_route=\/wp\/v2\/posts\/72080\/revisions\/72082"}],"wp:featuredmedia":[{"embeddable":true,"href":"https:\/\/www.egemtv.com\/index.php?rest_route=\/wp\/v2\/media\/72081"}],"wp:attachment":[{"href":"https:\/\/www.egemtv.com\/index.php?rest_route=%2Fwp%2Fv2%2Fmedia&parent=72080"}],"wp:term":[{"taxonomy":"category","embeddable":true,"href":"https:\/\/www.egemtv.com\/index.php?rest_route=%2Fwp%2Fv2%2Fcategories&post=72080"},{"taxonomy":"post_tag","embeddable":true,"href":"https:\/\/www.egemtv.com\/index.php?rest_route=%2Fwp%2Fv2%2Ftags&post=72080"}],"curies":[{"name":"wp","href":"https:\/\/api.w.org\/{rel}","templated":true}]}}