{"id":72077,"date":"2025-12-04T17:54:54","date_gmt":"2025-12-04T14:54:54","guid":{"rendered":"https:\/\/www.egemtv.com\/?p=72077"},"modified":"2025-12-04T17:54:55","modified_gmt":"2025-12-04T14:54:55","slug":"fethiyede-yolcu-minibusu-devrildi-7-yarali","status":"publish","type":"post","link":"https:\/\/www.egemtv.com\/?p=72077","title":{"rendered":"Fethiye\u2019de yolcu minib\u00fcs\u00fc devrildi: 7 yaral\u0131"},"content":{"rendered":"<p>Fethiye\u2013Ortaca seferini yapan yolcu minib\u00fcs\u00fcn\u00fcn ya\u011f\u0131\u015f nedeniyle kayganla\u015fan yolda devrilmesi sonucu 7 ki\u015fi hafif \u015fekilde yaraland\u0131. Olay yerine \u00e7ok say\u0131da ekip sevk edilirken, Kaymakam Fatih Akkaya da kaza yerinde incelemelerde bulundu.<\/p>\n<p>Edinilen bilgiye g\u00f6re, B.K. y\u00f6netimindeki 48 HO 2015 plakal\u0131 yolcu minib\u00fcs\u00fc, Fethiye\u2013Ortaca seferi s\u0131ras\u0131nda Yan\u0131klar Mahallesi\u2019ne geldi\u011fi s\u0131rada ya\u011f\u0131\u015f nedeniyle yolun kayganla\u015fmas\u0131 sonucu kontrolden \u00e7\u0131karak devrildi. Kazan\u0131n ard\u0131ndan vatanda\u015flar\u0131n durumu 112 Acil \u00c7a\u011fr\u0131 Merkezi\u2019ne bildirmesi \u00fczerine b\u00f6lgeye polis, jandarma ve sa\u011fl\u0131k ekipleri sevk edildi. Minib\u00fcste bulunan s\u00fcr\u00fcc\u00fc ile 6 yolcu kazay\u0131 hafif yaral\u0131 olarak atlatt\u0131. Yaral\u0131lar, olay yerindeki ilk m\u00fcdahalenin ard\u0131ndan ambulanslarla il\u00e7edeki hastanelere g\u00f6t\u00fcr\u00fcld\u00fc. Fethiye Kaymakam\u0131 Fatih Akkaya, kaza alan\u0131nda incelemelerde bulunarak ekiplerden bilgi ald\u0131.<\/p>\n<p>Kazayla ilgili soru\u015fturma devam ediyor.<br \/><\/p>\n","protected":false},"excerpt":{"rendered":"<p>Fethiye\u2013Ortaca seferini yapan yolcu minib\u00fcs\u00fcn\u00fcn ya\u011f\u0131\u015f nedeniyle kayganla\u015fan yolda devrilmesi sonucu 7 ki\u015fi hafif \u015fekilde yaraland\u0131. Olay yerine \u00e7ok say\u0131da ekip sevk edilirken, Kaymakam Fatih Akkaya da kaza yerinde incelemelerde bulundu. Edinilen bilgiye g\u00f6re, B.K. y\u00f6netimindeki 48 HO 2015 plakal\u0131 yolcu minib\u00fcs\u00fc, Fethiye\u2013Ortaca seferi s\u0131ras\u0131nda Yan\u0131klar Mahallesi\u2019ne geldi\u011fi s\u0131rada ya\u011f\u0131\u015f nedeniyle yolun kayganla\u015fmas\u0131 sonucu kontrolden&#8230;<\/p>\n","protected":false},"author":1,"featured_media":72078,"comment_status":"open","ping_status":"open","sticky":false,"template":"","format":"standard","meta":{"_crdt_document":"","footnotes":""},"categories":[5],"tags":[],"class_list":["post-72077","post","type-post","status-publish","format-standard","has-post-thumbnail","hentry","category-asayis"],"_links":{"self":[{"href":"https:\/\/www.egemtv.com\/index.php?rest_route=\/wp\/v2\/posts\/72077","targetHints":{"allow":["GET"]}}],"collection":[{"href":"https:\/\/www.egemtv.com\/index.php?rest_route=\/wp\/v2\/posts"}],"about":[{"href":"https:\/\/www.egemtv.com\/index.php?rest_route=\/wp\/v2\/types\/post"}],"author":[{"embeddable":true,"href":"https:\/\/www.egemtv.com\/index.php?rest_route=\/wp\/v2\/users\/1"}],"replies":[{"embeddable":true,"href":"https:\/\/www.egemtv.com\/index.php?rest_route=%2Fwp%2Fv2%2Fcomments&post=72077"}],"version-history":[{"count":1,"href":"https:\/\/www.egemtv.com\/index.php?rest_route=\/wp\/v2\/posts\/72077\/revisions"}],"predecessor-version":[{"id":72079,"href":"https:\/\/www.egemtv.com\/index.php?rest_route=\/wp\/v2\/posts\/72077\/revisions\/72079"}],"wp:featuredmedia":[{"embeddable":true,"href":"https:\/\/www.egemtv.com\/index.php?rest_route=\/wp\/v2\/media\/72078"}],"wp:attachment":[{"href":"https:\/\/www.egemtv.com\/index.php?rest_route=%2Fwp%2Fv2%2Fmedia&parent=72077"}],"wp:term":[{"taxonomy":"category","embeddable":true,"href":"https:\/\/www.egemtv.com\/index.php?rest_route=%2Fwp%2Fv2%2Fcategories&post=72077"},{"taxonomy":"post_tag","embeddable":true,"href":"https:\/\/www.egemtv.com\/index.php?rest_route=%2Fwp%2Fv2%2Ftags&post=72077"}],"curies":[{"name":"wp","href":"https:\/\/api.w.org\/{rel}","templated":true}]}}