{"id":72071,"date":"2025-12-04T17:14:55","date_gmt":"2025-12-04T14:14:55","guid":{"rendered":"https:\/\/www.egemtv.com\/?p=72071"},"modified":"2025-12-04T17:14:56","modified_gmt":"2025-12-04T14:14:56","slug":"cesmedeki-motosiklet-kazasinda-olu-sayisi-2ye-cikti","status":"publish","type":"post","link":"https:\/\/www.egemtv.com\/?p=72071","title":{"rendered":"\u00c7e\u015fme\u2019deki motosiklet kazas\u0131nda \u00f6l\u00fc say\u0131s\u0131 2\u2019ye \u00e7\u0131kt\u0131"},"content":{"rendered":"<p>\u0130zmir\u2019in \u00c7e\u015fme il\u00e7esinde hafif ticari ara\u00e7la, motosikletin \u00e7arp\u0131\u015fmas\u0131 sonucu a\u011f\u0131r yaralanan motosiklet s\u00fcr\u00fcc\u00fcs\u00fc olay yerinde hayat\u0131n\u0131 kaybederken arkada yolcu olarak bulunan bir ki\u015fi ise ambulansla kald\u0131r\u0131ld\u0131\u011f\u0131 hastanede kurtar\u0131lamad\u0131.<br \/>\n<br \/>Kaza, bug\u00fcn saat 13.30 s\u0131ralar\u0131nda meydana geldi. Edinilen bilgiye g\u00f6re, Samet Kilci y\u00f6netimindeki plakas\u0131z motosiklet, \u00c7e\u015fme-Dalyan yolunda Hakan Karal\u0131o\u011flu y\u00f6netimindeki 17 AAJ 454 plakal\u0131 hafif ticari ara\u00e7 ile \u00e7arp\u0131\u015ft\u0131. Kazada yola savrulan motosiklet s\u00fcr\u00fcc\u00fcs\u00fc Samet Kilci olay yerinde hayat\u0131n\u0131 kaybetti. Arkas\u0131nda yolcu olarak bulunan Mustafa Dalg\u0131\u00e7 ise yaraland\u0131. Olay yerinde sa\u011fl\u0131k g\u00f6revlileri taraf\u0131ndan yap\u0131lan ilk m\u00fcdahalenin ard\u0131ndan Dalg\u0131\u00e7, ambulansla hastaneye kald\u0131r\u0131ld\u0131. Burada doktorlar\u0131n t\u00fcm m\u00fcdahalelerine ra\u011fmen Dalg\u0131\u00e7, hayat\u0131n\u0131 kaybetti.<br \/>\n<br \/>Kazayla ilgili inceleme s\u00fcr\u00fcyor.<br \/><\/p>\n","protected":false},"excerpt":{"rendered":"<p>\u0130zmir\u2019in \u00c7e\u015fme il\u00e7esinde hafif ticari ara\u00e7la, motosikletin \u00e7arp\u0131\u015fmas\u0131 sonucu a\u011f\u0131r yaralanan motosiklet s\u00fcr\u00fcc\u00fcs\u00fc olay yerinde hayat\u0131n\u0131 kaybederken arkada yolcu olarak bulunan bir ki\u015fi ise ambulansla kald\u0131r\u0131ld\u0131\u011f\u0131 hastanede kurtar\u0131lamad\u0131. Kaza, bug\u00fcn saat 13.30 s\u0131ralar\u0131nda meydana geldi. Edinilen bilgiye g\u00f6re, Samet Kilci y\u00f6netimindeki plakas\u0131z motosiklet, \u00c7e\u015fme-Dalyan yolunda Hakan Karal\u0131o\u011flu y\u00f6netimindeki 17 AAJ 454 plakal\u0131 hafif ticari ara\u00e7&#8230;<\/p>\n","protected":false},"author":1,"featured_media":72072,"comment_status":"open","ping_status":"open","sticky":false,"template":"","format":"standard","meta":{"_crdt_document":"","footnotes":""},"categories":[5],"tags":[],"class_list":["post-72071","post","type-post","status-publish","format-standard","has-post-thumbnail","hentry","category-asayis"],"_links":{"self":[{"href":"https:\/\/www.egemtv.com\/index.php?rest_route=\/wp\/v2\/posts\/72071","targetHints":{"allow":["GET"]}}],"collection":[{"href":"https:\/\/www.egemtv.com\/index.php?rest_route=\/wp\/v2\/posts"}],"about":[{"href":"https:\/\/www.egemtv.com\/index.php?rest_route=\/wp\/v2\/types\/post"}],"author":[{"embeddable":true,"href":"https:\/\/www.egemtv.com\/index.php?rest_route=\/wp\/v2\/users\/1"}],"replies":[{"embeddable":true,"href":"https:\/\/www.egemtv.com\/index.php?rest_route=%2Fwp%2Fv2%2Fcomments&post=72071"}],"version-history":[{"count":1,"href":"https:\/\/www.egemtv.com\/index.php?rest_route=\/wp\/v2\/posts\/72071\/revisions"}],"predecessor-version":[{"id":72073,"href":"https:\/\/www.egemtv.com\/index.php?rest_route=\/wp\/v2\/posts\/72071\/revisions\/72073"}],"wp:featuredmedia":[{"embeddable":true,"href":"https:\/\/www.egemtv.com\/index.php?rest_route=\/wp\/v2\/media\/72072"}],"wp:attachment":[{"href":"https:\/\/www.egemtv.com\/index.php?rest_route=%2Fwp%2Fv2%2Fmedia&parent=72071"}],"wp:term":[{"taxonomy":"category","embeddable":true,"href":"https:\/\/www.egemtv.com\/index.php?rest_route=%2Fwp%2Fv2%2Fcategories&post=72071"},{"taxonomy":"post_tag","embeddable":true,"href":"https:\/\/www.egemtv.com\/index.php?rest_route=%2Fwp%2Fv2%2Ftags&post=72071"}],"curies":[{"name":"wp","href":"https:\/\/api.w.org\/{rel}","templated":true}]}}