{"id":72068,"date":"2025-12-04T17:14:54","date_gmt":"2025-12-04T14:14:54","guid":{"rendered":"https:\/\/www.egemtv.com\/?p=72068"},"modified":"2025-12-04T17:14:55","modified_gmt":"2025-12-04T14:14:55","slug":"bodrum-belediyesinden-akulu-sandalye-bakim-ve-onarim-destegi","status":"publish","type":"post","link":"https:\/\/www.egemtv.com\/?p=72068","title":{"rendered":"Bodrum Belediyesi\u2019nden ak\u00fcl\u00fc sandalye, bak\u0131m ve onar\u0131m deste\u011fi"},"content":{"rendered":"<p>Bodrum Belediyesi K\u00fclt\u00fcr ve Sosyal \u0130\u015fler M\u00fcd\u00fcrl\u00fc\u011f\u00fc\u2019ne ba\u011fl\u0131 olarak yar\u0131mada genelinde hizmet veren Sosyal Hizmetler B\u00fcrosu, \u00f6zel bireylere ak\u00fcl\u00fc sandalye deste\u011fi sa\u011fl\u0131yor.<\/p>\n<p>Kent genelinde \u00e7al\u0131\u015fmalar\u0131n\u0131 \u00f6zveri ile s\u00fcrd\u00fcren Sosyal Hizmetler B\u00fcrosu ekipleri, belediyeye ba\u015fvuran engelli vatanda\u015flar\u0131n sosyal incelemelerini ger\u00e7ekle\u015ftiriyor. Gerekli \u015fartlar\u0131 ta\u015f\u0131d\u0131\u011f\u0131 tespit edilen vatanda\u015flara talepleri do\u011frultusunda ak\u00fcl\u00fc sandalye deste\u011finin yan\u0131 s\u0131ra bak\u0131m, onar\u0131m, tadilat ve tamirat hizmetleri de sunuluyor.<\/p>\n<p>Belediye ekipleri, ihtiya\u00e7 sahibi vatanda\u015flara ak\u00fcl\u00fc sandalye ile bak\u0131m ve onar\u0131m deste\u011fi sa\u011flarken; duyarl\u0131 vatanda\u015flar taraf\u0131ndan ba\u011f\u0131\u015flanan ak\u00fcl\u00fc ve manuel sandalyeler de ihtiya\u00e7 sahiplerine ula\u015ft\u0131r\u0131l\u0131yor.<\/p>\n<p>Belediye yetkilileri, il\u00e7e s\u0131n\u0131rlar\u0131 i\u00e7erisinde ikamet eden ihtiya\u00e7 sahibi vatanda\u015flar\u0131n g\u00fcnl\u00fck ihtiya\u00e7lar\u0131n\u0131 kar\u015f\u0131lamalar\u0131nda kolayl\u0131k sa\u011flamak isteyenlerin Bodrum Belediyesi K\u00fclt\u00fcr ve Sosyal \u0130\u015fler M\u00fcd\u00fcrl\u00fc\u011f\u00fc Sosyal Hizmetler B\u00fcrosu ile ileti\u015fime ge\u00e7ebilece\u011fini belirtti.<br \/><\/p>\n","protected":false},"excerpt":{"rendered":"<p>Bodrum Belediyesi K\u00fclt\u00fcr ve Sosyal \u0130\u015fler M\u00fcd\u00fcrl\u00fc\u011f\u00fc\u2019ne ba\u011fl\u0131 olarak yar\u0131mada genelinde hizmet veren Sosyal Hizmetler B\u00fcrosu, \u00f6zel bireylere ak\u00fcl\u00fc sandalye deste\u011fi sa\u011fl\u0131yor. Kent genelinde \u00e7al\u0131\u015fmalar\u0131n\u0131 \u00f6zveri ile s\u00fcrd\u00fcren Sosyal Hizmetler B\u00fcrosu ekipleri, belediyeye ba\u015fvuran engelli vatanda\u015flar\u0131n sosyal incelemelerini ger\u00e7ekle\u015ftiriyor. Gerekli \u015fartlar\u0131 ta\u015f\u0131d\u0131\u011f\u0131 tespit edilen vatanda\u015flara talepleri do\u011frultusunda ak\u00fcl\u00fc sandalye deste\u011finin yan\u0131 s\u0131ra bak\u0131m, onar\u0131m, tadilat&#8230;<\/p>\n","protected":false},"author":1,"featured_media":72069,"comment_status":"open","ping_status":"open","sticky":false,"template":"","format":"standard","meta":{"_crdt_document":"","footnotes":""},"categories":[1],"tags":[],"class_list":["post-72068","post","type-post","status-publish","format-standard","has-post-thumbnail","hentry","category-guncel"],"_links":{"self":[{"href":"https:\/\/www.egemtv.com\/index.php?rest_route=\/wp\/v2\/posts\/72068","targetHints":{"allow":["GET"]}}],"collection":[{"href":"https:\/\/www.egemtv.com\/index.php?rest_route=\/wp\/v2\/posts"}],"about":[{"href":"https:\/\/www.egemtv.com\/index.php?rest_route=\/wp\/v2\/types\/post"}],"author":[{"embeddable":true,"href":"https:\/\/www.egemtv.com\/index.php?rest_route=\/wp\/v2\/users\/1"}],"replies":[{"embeddable":true,"href":"https:\/\/www.egemtv.com\/index.php?rest_route=%2Fwp%2Fv2%2Fcomments&post=72068"}],"version-history":[{"count":1,"href":"https:\/\/www.egemtv.com\/index.php?rest_route=\/wp\/v2\/posts\/72068\/revisions"}],"predecessor-version":[{"id":72070,"href":"https:\/\/www.egemtv.com\/index.php?rest_route=\/wp\/v2\/posts\/72068\/revisions\/72070"}],"wp:featuredmedia":[{"embeddable":true,"href":"https:\/\/www.egemtv.com\/index.php?rest_route=\/wp\/v2\/media\/72069"}],"wp:attachment":[{"href":"https:\/\/www.egemtv.com\/index.php?rest_route=%2Fwp%2Fv2%2Fmedia&parent=72068"}],"wp:term":[{"taxonomy":"category","embeddable":true,"href":"https:\/\/www.egemtv.com\/index.php?rest_route=%2Fwp%2Fv2%2Fcategories&post=72068"},{"taxonomy":"post_tag","embeddable":true,"href":"https:\/\/www.egemtv.com\/index.php?rest_route=%2Fwp%2Fv2%2Ftags&post=72068"}],"curies":[{"name":"wp","href":"https:\/\/api.w.org\/{rel}","templated":true}]}}