{"id":72062,"date":"2025-12-04T16:55:54","date_gmt":"2025-12-04T13:55:54","guid":{"rendered":"https:\/\/www.egemtv.com\/?p=72062"},"modified":"2025-12-04T16:55:55","modified_gmt":"2025-12-04T13:55:55","slug":"yaya-gecidinden-gecmeye-calisti-otomobil-carpti-1-yarali","status":"publish","type":"post","link":"https:\/\/www.egemtv.com\/?p=72062","title":{"rendered":"Yaya ge\u00e7idinden ge\u00e7meye \u00e7al\u0131\u015ft\u0131, otomobil \u00e7arpt\u0131: 1 yaral\u0131"},"content":{"rendered":"<p>Ayd\u0131n\u2019\u0131n Efeler il\u00e7esinde meydana gelen trafik kazas\u0131nda 1 ki\u015fi yaraland\u0131.<\/p>\n<p>Kaza, Mimar Sinan Mahallesi Mimar Sinan Bulvar\u0131 \u00fczerinde saat 16.00 s\u0131ralar\u0131nda meydana geldi. Edinilen bilgiye g\u00f6re, A.A. idaresindeki 09 ABK 932 otomobil yaya ge\u00e7idinden yolun kar\u015f\u0131s\u0131na ge\u00e7en \u00d6.\u00d6.\u2019ye \u00e7arpt\u0131. \u00c7arpman\u0131n etkisi ile savrulan yaya yere d\u00fc\u015ferek yaraland\u0131. Kazay\u0131 g\u00f6renler durumu 112 Acil \u00c7a\u011fr\u0131 Merkezi\u2019ne bildirdi. \u0130hbar \u00fczerine b\u00f6lgeye sa\u011fl\u0131k ve polis ekipleri sevk edildi. K\u0131sa s\u00fcrede olay yerine gelen sa\u011fl\u0131k ekipleri yaral\u0131 \u015fahsa ilk m\u00fcdahaleyi yaparak ambulansla Ayd\u0131n Atat\u00fcrk Devlet Hastanesi\u2019ne kald\u0131rd\u0131.<\/p>\n<p>Kazayla ilgili soru\u015fturma s\u00fcr\u00fcyor.<br \/><\/p>\n","protected":false},"excerpt":{"rendered":"<p>Ayd\u0131n\u2019\u0131n Efeler il\u00e7esinde meydana gelen trafik kazas\u0131nda 1 ki\u015fi yaraland\u0131. Kaza, Mimar Sinan Mahallesi Mimar Sinan Bulvar\u0131 \u00fczerinde saat 16.00 s\u0131ralar\u0131nda meydana geldi. Edinilen bilgiye g\u00f6re, A.A. idaresindeki 09 ABK 932 otomobil yaya ge\u00e7idinden yolun kar\u015f\u0131s\u0131na ge\u00e7en \u00d6.\u00d6.\u2019ye \u00e7arpt\u0131. \u00c7arpman\u0131n etkisi ile savrulan yaya yere d\u00fc\u015ferek yaraland\u0131. Kazay\u0131 g\u00f6renler durumu 112 Acil \u00c7a\u011fr\u0131 Merkezi\u2019ne bildirdi&#8230;.<\/p>\n","protected":false},"author":1,"featured_media":72063,"comment_status":"open","ping_status":"open","sticky":false,"template":"","format":"standard","meta":{"_crdt_document":"","footnotes":""},"categories":[5],"tags":[],"class_list":["post-72062","post","type-post","status-publish","format-standard","has-post-thumbnail","hentry","category-asayis"],"_links":{"self":[{"href":"https:\/\/www.egemtv.com\/index.php?rest_route=\/wp\/v2\/posts\/72062","targetHints":{"allow":["GET"]}}],"collection":[{"href":"https:\/\/www.egemtv.com\/index.php?rest_route=\/wp\/v2\/posts"}],"about":[{"href":"https:\/\/www.egemtv.com\/index.php?rest_route=\/wp\/v2\/types\/post"}],"author":[{"embeddable":true,"href":"https:\/\/www.egemtv.com\/index.php?rest_route=\/wp\/v2\/users\/1"}],"replies":[{"embeddable":true,"href":"https:\/\/www.egemtv.com\/index.php?rest_route=%2Fwp%2Fv2%2Fcomments&post=72062"}],"version-history":[{"count":1,"href":"https:\/\/www.egemtv.com\/index.php?rest_route=\/wp\/v2\/posts\/72062\/revisions"}],"predecessor-version":[{"id":72064,"href":"https:\/\/www.egemtv.com\/index.php?rest_route=\/wp\/v2\/posts\/72062\/revisions\/72064"}],"wp:featuredmedia":[{"embeddable":true,"href":"https:\/\/www.egemtv.com\/index.php?rest_route=\/wp\/v2\/media\/72063"}],"wp:attachment":[{"href":"https:\/\/www.egemtv.com\/index.php?rest_route=%2Fwp%2Fv2%2Fmedia&parent=72062"}],"wp:term":[{"taxonomy":"category","embeddable":true,"href":"https:\/\/www.egemtv.com\/index.php?rest_route=%2Fwp%2Fv2%2Fcategories&post=72062"},{"taxonomy":"post_tag","embeddable":true,"href":"https:\/\/www.egemtv.com\/index.php?rest_route=%2Fwp%2Fv2%2Ftags&post=72062"}],"curies":[{"name":"wp","href":"https:\/\/api.w.org\/{rel}","templated":true}]}}