{"id":72059,"date":"2025-12-04T16:55:50","date_gmt":"2025-12-04T13:55:50","guid":{"rendered":"https:\/\/www.egemtv.com\/?p=72059"},"modified":"2025-12-04T16:55:54","modified_gmt":"2025-12-04T13:55:54","slug":"didimde-belediye-personellerine-is-guvenligi-egitimi","status":"publish","type":"post","link":"https:\/\/www.egemtv.com\/?p=72059","title":{"rendered":"Didim\u2019de belediye personellerine i\u015f g\u00fcvenli\u011fi e\u011fitimi"},"content":{"rendered":"<p>Didim Belediyesi, personelin i\u015f sa\u011fl\u0131\u011f\u0131 ve g\u00fcvenli\u011fi bilincini art\u0131rmak amac\u0131yla d\u00fczenledi\u011fi e\u011fitimlerle \u00e7al\u0131\u015fanlar\u0131n daha g\u00fcvenli ve bilin\u00e7li \u00e7al\u0131\u015fma \u015fartlar\u0131na kavu\u015fmas\u0131n\u0131 hedefliyor.<\/p>\n<p>Didim Belediyesi, kurum b\u00fcnyesinde g\u00f6rev yapan K\u00fclt\u00fcr ve Sosyal \u0130\u015fler M\u00fcd\u00fcrl\u00fc\u011f\u00fc ile Zab\u0131ta M\u00fcd\u00fcrl\u00fc\u011f\u00fc personeline i\u015f g\u00fcvenli\u011fi fark\u0131ndal\u0131k e\u011fitimi verdi. \u00c7al\u0131\u015fanlar\u0131n i\u015f sa\u011fl\u0131\u011f\u0131 ve g\u00fcvenli\u011fi konusunda bilin\u00e7 d\u00fczeyini art\u0131rmay\u0131 hedefleyen e\u011fitim, uzman e\u011fitmenler taraf\u0131ndan ger\u00e7ekle\u015ftirildi. E\u011fitim program\u0131nda \u00e7al\u0131\u015fma ortam\u0131nda kar\u015f\u0131la\u015f\u0131labilecek muhtemel riskler, temel i\u015f sa\u011fl\u0131\u011f\u0131 ve g\u00fcvenli\u011fi kurallar\u0131, acil durumlarda uygulanmas\u0131 gereken do\u011fru m\u00fcdahale y\u00f6ntemleri ve ki\u015fisel koruyucu ekipman kullan\u0131m\u0131 gibi ba\u015fl\u0131klar ele al\u0131nd\u0131. Kat\u0131l\u0131mc\u0131 personel, uygulamal\u0131 anlat\u0131mlar ve \u00f6rnek senaryolarla i\u015f g\u00fcvenli\u011fi konusunda bilgi tazeledi. Didim Belediyesi, personelin daha g\u00fcvenli, sa\u011fl\u0131kl\u0131 ve bilin\u00e7li bir \u00e7al\u0131\u015fma ortam\u0131na sahip olmas\u0131 amac\u0131yla d\u00fczenlenen e\u011fitimlerin \u00f6n\u00fcm\u00fczdeki d\u00f6nemde de s\u00fcrd\u00fcr\u00fclece\u011fini belirtti.<br \/><\/p>\n","protected":false},"excerpt":{"rendered":"<p>Didim Belediyesi, personelin i\u015f sa\u011fl\u0131\u011f\u0131 ve g\u00fcvenli\u011fi bilincini art\u0131rmak amac\u0131yla d\u00fczenledi\u011fi e\u011fitimlerle \u00e7al\u0131\u015fanlar\u0131n daha g\u00fcvenli ve bilin\u00e7li \u00e7al\u0131\u015fma \u015fartlar\u0131na kavu\u015fmas\u0131n\u0131 hedefliyor. Didim Belediyesi, kurum b\u00fcnyesinde g\u00f6rev yapan K\u00fclt\u00fcr ve Sosyal \u0130\u015fler M\u00fcd\u00fcrl\u00fc\u011f\u00fc ile Zab\u0131ta M\u00fcd\u00fcrl\u00fc\u011f\u00fc personeline i\u015f g\u00fcvenli\u011fi fark\u0131ndal\u0131k e\u011fitimi verdi. \u00c7al\u0131\u015fanlar\u0131n i\u015f sa\u011fl\u0131\u011f\u0131 ve g\u00fcvenli\u011fi konusunda bilin\u00e7 d\u00fczeyini art\u0131rmay\u0131 hedefleyen e\u011fitim, uzman e\u011fitmenler taraf\u0131ndan&#8230;<\/p>\n","protected":false},"author":1,"featured_media":72060,"comment_status":"open","ping_status":"open","sticky":false,"template":"","format":"standard","meta":{"_crdt_document":"","footnotes":""},"categories":[1],"tags":[],"class_list":["post-72059","post","type-post","status-publish","format-standard","has-post-thumbnail","hentry","category-guncel"],"_links":{"self":[{"href":"https:\/\/www.egemtv.com\/index.php?rest_route=\/wp\/v2\/posts\/72059","targetHints":{"allow":["GET"]}}],"collection":[{"href":"https:\/\/www.egemtv.com\/index.php?rest_route=\/wp\/v2\/posts"}],"about":[{"href":"https:\/\/www.egemtv.com\/index.php?rest_route=\/wp\/v2\/types\/post"}],"author":[{"embeddable":true,"href":"https:\/\/www.egemtv.com\/index.php?rest_route=\/wp\/v2\/users\/1"}],"replies":[{"embeddable":true,"href":"https:\/\/www.egemtv.com\/index.php?rest_route=%2Fwp%2Fv2%2Fcomments&post=72059"}],"version-history":[{"count":1,"href":"https:\/\/www.egemtv.com\/index.php?rest_route=\/wp\/v2\/posts\/72059\/revisions"}],"predecessor-version":[{"id":72061,"href":"https:\/\/www.egemtv.com\/index.php?rest_route=\/wp\/v2\/posts\/72059\/revisions\/72061"}],"wp:featuredmedia":[{"embeddable":true,"href":"https:\/\/www.egemtv.com\/index.php?rest_route=\/wp\/v2\/media\/72060"}],"wp:attachment":[{"href":"https:\/\/www.egemtv.com\/index.php?rest_route=%2Fwp%2Fv2%2Fmedia&parent=72059"}],"wp:term":[{"taxonomy":"category","embeddable":true,"href":"https:\/\/www.egemtv.com\/index.php?rest_route=%2Fwp%2Fv2%2Fcategories&post=72059"},{"taxonomy":"post_tag","embeddable":true,"href":"https:\/\/www.egemtv.com\/index.php?rest_route=%2Fwp%2Fv2%2Ftags&post=72059"}],"curies":[{"name":"wp","href":"https:\/\/api.w.org\/{rel}","templated":true}]}}