{"id":72056,"date":"2025-12-04T16:55:49","date_gmt":"2025-12-04T13:55:49","guid":{"rendered":"https:\/\/www.egemtv.com\/?p=72056"},"modified":"2025-12-04T16:55:50","modified_gmt":"2025-12-04T13:55:50","slug":"izmirde-sahte-icki-operasyonu-2-bin-850-litre-etil-alkol-ele-gecirildi","status":"publish","type":"post","link":"https:\/\/www.egemtv.com\/?p=72056","title":{"rendered":"\u0130zmir\u2019de sahte i\u00e7ki operasyonu: 2 bin 850 litre etil alkol ele ge\u00e7irildi"},"content":{"rendered":"<p>\u0130zmir\u2019in Kar\u015f\u0131yaka il\u00e7esinde 2 bin 850 litre etil alkol ve 168 aroma kiti ele ge\u00e7irildi, 1 \u015f\u00fcpheli hakk\u0131nda adli i\u015flem ba\u015flat\u0131ld\u0131.<br \/>\n<br \/>\u0130zmir \u0130l Jandarma Komutanl\u0131\u011f\u0131 ekipleri, yakla\u015fan y\u0131lba\u015f\u0131 \u00f6ncesi sahte ve ka\u00e7ak alkoll\u00fc i\u00e7ki \u00fcretimi ile ticaretinin \u00f6nlenmesine y\u00f6nelik \u00e7al\u0131\u015fmalar\u0131n\u0131 yo\u011funla\u015ft\u0131rd\u0131. Kar\u015f\u0131yaka Cumhuriyet Ba\u015fsavc\u0131l\u0131\u011f\u0131 koordinesinde d\u00fcn Ka\u00e7ak\u00e7\u0131l\u0131k ve Organize Su\u00e7larla M\u00fccadele (KOM) \u015eube M\u00fcd\u00fcrl\u00fc\u011f\u00fc ekiplerince Kar\u015f\u0131yaka il\u00e7esinde bir adrese operasyon d\u00fczenlendi. Yap\u0131lan aramada 2 bin 850 litre etil alkol ile alkoll\u00fc i\u00e7ki yap\u0131m\u0131nda kullan\u0131lan 168 adet aroma kiti ele ge\u00e7irildi. Ele ge\u00e7irilen malzemelerin piyasa de\u011ferinin yakla\u015f\u0131k 1 milyon 150 bin TL oldu\u011fu belirlendi. Operasyonda g\u00f6zalt\u0131na al\u0131nan 1 \u015f\u00fcpheli hakk\u0131nda adli i\u015flem yap\u0131ld\u0131.<br \/><\/p>\n","protected":false},"excerpt":{"rendered":"<p>\u0130zmir\u2019in Kar\u015f\u0131yaka il\u00e7esinde 2 bin 850 litre etil alkol ve 168 aroma kiti ele ge\u00e7irildi, 1 \u015f\u00fcpheli hakk\u0131nda adli i\u015flem ba\u015flat\u0131ld\u0131. \u0130zmir \u0130l Jandarma Komutanl\u0131\u011f\u0131 ekipleri, yakla\u015fan y\u0131lba\u015f\u0131 \u00f6ncesi sahte ve ka\u00e7ak alkoll\u00fc i\u00e7ki \u00fcretimi ile ticaretinin \u00f6nlenmesine y\u00f6nelik \u00e7al\u0131\u015fmalar\u0131n\u0131 yo\u011funla\u015ft\u0131rd\u0131. Kar\u015f\u0131yaka Cumhuriyet Ba\u015fsavc\u0131l\u0131\u011f\u0131 koordinesinde d\u00fcn Ka\u00e7ak\u00e7\u0131l\u0131k ve Organize Su\u00e7larla M\u00fccadele (KOM) \u015eube M\u00fcd\u00fcrl\u00fc\u011f\u00fc ekiplerince&#8230;<\/p>\n","protected":false},"author":1,"featured_media":72057,"comment_status":"open","ping_status":"open","sticky":false,"template":"","format":"standard","meta":{"_crdt_document":"","footnotes":""},"categories":[5],"tags":[],"class_list":["post-72056","post","type-post","status-publish","format-standard","has-post-thumbnail","hentry","category-asayis"],"_links":{"self":[{"href":"https:\/\/www.egemtv.com\/index.php?rest_route=\/wp\/v2\/posts\/72056","targetHints":{"allow":["GET"]}}],"collection":[{"href":"https:\/\/www.egemtv.com\/index.php?rest_route=\/wp\/v2\/posts"}],"about":[{"href":"https:\/\/www.egemtv.com\/index.php?rest_route=\/wp\/v2\/types\/post"}],"author":[{"embeddable":true,"href":"https:\/\/www.egemtv.com\/index.php?rest_route=\/wp\/v2\/users\/1"}],"replies":[{"embeddable":true,"href":"https:\/\/www.egemtv.com\/index.php?rest_route=%2Fwp%2Fv2%2Fcomments&post=72056"}],"version-history":[{"count":1,"href":"https:\/\/www.egemtv.com\/index.php?rest_route=\/wp\/v2\/posts\/72056\/revisions"}],"predecessor-version":[{"id":72058,"href":"https:\/\/www.egemtv.com\/index.php?rest_route=\/wp\/v2\/posts\/72056\/revisions\/72058"}],"wp:featuredmedia":[{"embeddable":true,"href":"https:\/\/www.egemtv.com\/index.php?rest_route=\/wp\/v2\/media\/72057"}],"wp:attachment":[{"href":"https:\/\/www.egemtv.com\/index.php?rest_route=%2Fwp%2Fv2%2Fmedia&parent=72056"}],"wp:term":[{"taxonomy":"category","embeddable":true,"href":"https:\/\/www.egemtv.com\/index.php?rest_route=%2Fwp%2Fv2%2Fcategories&post=72056"},{"taxonomy":"post_tag","embeddable":true,"href":"https:\/\/www.egemtv.com\/index.php?rest_route=%2Fwp%2Fv2%2Ftags&post=72056"}],"curies":[{"name":"wp","href":"https:\/\/api.w.org\/{rel}","templated":true}]}}