{"id":72053,"date":"2025-12-04T16:15:07","date_gmt":"2025-12-04T13:15:07","guid":{"rendered":"https:\/\/www.egemtv.com\/?p=72053"},"modified":"2025-12-04T16:15:08","modified_gmt":"2025-12-04T13:15:08","slug":"zabita-ekipleri-denetimlerini-surduruyor","status":"publish","type":"post","link":"https:\/\/www.egemtv.com\/?p=72053","title":{"rendered":"Zab\u0131ta ekipleri denetimlerini s\u00fcrd\u00fcr\u00fcyor"},"content":{"rendered":"<p>Afyonkarahisar Belediye Zab\u0131ta M\u00fcd\u00fcrl\u00fc\u011f\u00fc ekipleri, \u015fehir genelinde yaya g\u00fcvenli\u011fi ve \u015fehir d\u00fczenini korumak amac\u0131yla kald\u0131r\u0131m i\u015fgallerine y\u00f6nelik denetimlerine aral\u0131ks\u0131z devam ediyor.<br \/>\n<br \/>\u015eehrin ana arterleri ba\u015fta olmak \u00fczere, yaya ve ara\u00e7 trafi\u011fini engelleyecek \u015fekilde kald\u0131r\u0131m veya yollara duba, flama, kasa ve benzeri e\u015fyalar koyan ki\u015fi ve i\u015fletmelere y\u00f6nelik denetimler s\u0131kla\u015ft\u0131r\u0131ld\u0131. Zab\u0131ta ekipleri vatanda\u015flar\u0131n g\u00fcvenli \u015fekilde y\u00fcr\u00fcyebilmeleri i\u00e7in Kabahatler Kanunu gere\u011fi i\u015flem uygulad\u0131.<br \/>\n<br \/>Uygulamalar\u0131n Karayollar\u0131 Trafik Kanunu ve ilgili y\u00f6netmelik h\u00fck\u00fcmleri \u00e7er\u00e7evesinde y\u00fcr\u00fct\u00fcld\u00fc\u011f\u00fc belirtildi.<br \/><\/p>\n","protected":false},"excerpt":{"rendered":"<p>Afyonkarahisar Belediye Zab\u0131ta M\u00fcd\u00fcrl\u00fc\u011f\u00fc ekipleri, \u015fehir genelinde yaya g\u00fcvenli\u011fi ve \u015fehir d\u00fczenini korumak amac\u0131yla kald\u0131r\u0131m i\u015fgallerine y\u00f6nelik denetimlerine aral\u0131ks\u0131z devam ediyor. \u015eehrin ana arterleri ba\u015fta olmak \u00fczere, yaya ve ara\u00e7 trafi\u011fini engelleyecek \u015fekilde kald\u0131r\u0131m veya yollara duba, flama, kasa ve benzeri e\u015fyalar koyan ki\u015fi ve i\u015fletmelere y\u00f6nelik denetimler s\u0131kla\u015ft\u0131r\u0131ld\u0131. Zab\u0131ta ekipleri vatanda\u015flar\u0131n g\u00fcvenli \u015fekilde y\u00fcr\u00fcyebilmeleri&#8230;<\/p>\n","protected":false},"author":1,"featured_media":72054,"comment_status":"open","ping_status":"open","sticky":false,"template":"","format":"standard","meta":{"_crdt_document":"","footnotes":""},"categories":[1],"tags":[],"class_list":["post-72053","post","type-post","status-publish","format-standard","has-post-thumbnail","hentry","category-guncel"],"_links":{"self":[{"href":"https:\/\/www.egemtv.com\/index.php?rest_route=\/wp\/v2\/posts\/72053","targetHints":{"allow":["GET"]}}],"collection":[{"href":"https:\/\/www.egemtv.com\/index.php?rest_route=\/wp\/v2\/posts"}],"about":[{"href":"https:\/\/www.egemtv.com\/index.php?rest_route=\/wp\/v2\/types\/post"}],"author":[{"embeddable":true,"href":"https:\/\/www.egemtv.com\/index.php?rest_route=\/wp\/v2\/users\/1"}],"replies":[{"embeddable":true,"href":"https:\/\/www.egemtv.com\/index.php?rest_route=%2Fwp%2Fv2%2Fcomments&post=72053"}],"version-history":[{"count":1,"href":"https:\/\/www.egemtv.com\/index.php?rest_route=\/wp\/v2\/posts\/72053\/revisions"}],"predecessor-version":[{"id":72055,"href":"https:\/\/www.egemtv.com\/index.php?rest_route=\/wp\/v2\/posts\/72053\/revisions\/72055"}],"wp:featuredmedia":[{"embeddable":true,"href":"https:\/\/www.egemtv.com\/index.php?rest_route=\/wp\/v2\/media\/72054"}],"wp:attachment":[{"href":"https:\/\/www.egemtv.com\/index.php?rest_route=%2Fwp%2Fv2%2Fmedia&parent=72053"}],"wp:term":[{"taxonomy":"category","embeddable":true,"href":"https:\/\/www.egemtv.com\/index.php?rest_route=%2Fwp%2Fv2%2Fcategories&post=72053"},{"taxonomy":"post_tag","embeddable":true,"href":"https:\/\/www.egemtv.com\/index.php?rest_route=%2Fwp%2Fv2%2Ftags&post=72053"}],"curies":[{"name":"wp","href":"https:\/\/api.w.org\/{rel}","templated":true}]}}