{"id":72047,"date":"2025-12-04T16:15:05","date_gmt":"2025-12-04T13:15:05","guid":{"rendered":"https:\/\/www.egemtv.com\/?p=72047"},"modified":"2025-12-04T16:15:06","modified_gmt":"2025-12-04T13:15:06","slug":"baskan-balaban-aylik-basin-toplantisinda-gundemi-degerlendirdi","status":"publish","type":"post","link":"https:\/\/www.egemtv.com\/?p=72047","title":{"rendered":"Ba\u015fkan Balaban ayl\u0131k bas\u0131n toplant\u0131s\u0131nda g\u00fcndemi de\u011ferlendirdi"},"content":{"rendered":"<p>Yunusemre Belediye Ba\u015fkan\u0131 Semih Balaban, ayl\u0131k bas\u0131n toplant\u0131s\u0131nda toplu a\u00e7\u0131l\u0131\u015f t\u00f6reninden finansal tabloya, yeni projelerden sokak hayvanlar\u0131 sorununa kadar bir\u00e7ok ba\u015fl\u0131kta \u00f6nemli a\u00e7\u0131klamalar yaparak, &#8220;Yunusemre\u2019de hizmet \u00fcretmeye devam ediyoruz&#8221; dedi.<br \/>\n<br \/>Yunusemre Belediye Ba\u015fkan\u0131 Semih Balaban ayl\u0131k bas\u0131n toplant\u0131s\u0131nda yapt\u0131\u011f\u0131 \u00e7al\u0131\u015fmalar\u0131 anlatt\u0131, iddialara yan\u0131t verdi, g\u00fcndemi de\u011ferlendirdi. Ba\u015fkanl\u0131k makam\u0131nda d\u00fczenlenen toplant\u0131da Ba\u015fkan Balaban\u2019a ba\u015fkan yard\u0131mc\u0131lar\u0131 Ali Kuyumcu, Hakan G\u00fcrtunca, Haydar \u0130zci, Emine \u00d6zge Arslan ve Mehmet Mesut Do\u011fan e\u015flik etti. S\u00f6zlerine ge\u00e7ti\u011fimiz hafta sonu ger\u00e7ekle\u015ftirilen genel kurulda g\u00fcven tazeleyen \u00d6zg\u00fcr \u00d6zel\u2019i kutlayarak ba\u015flayan Ba\u015fkan Semih Balaban, &#8220;Partimizin tarihinde en fazla oyu alarak genel ba\u015fkan se\u00e7ilen \u00d6zg\u00fcr \u00d6zel\u2019i bir kez daha kutluyorum. Biz birlik ve beraberlik ruhuyla kurultaydayd\u0131k. Genel Ba\u015fkan\u0131m\u0131z\u0131n \u00e7izdi\u011fi yolda y\u00fcr\u00fcmeye kararl\u0131y\u0131z. Bu, delegenin Genel Ba\u015fkan\u0131m\u0131za ne kadar g\u00fcvendi\u011finin somut kan\u0131t\u0131 ve g\u00f6stergesidir&#8221; dedi.<\/p>\n<p>Hangi projelerin hayata ge\u00e7irilece\u011fini tet tek anlatt\u0131<br \/>\n<br \/>Ba\u015fkan Balaban, toplant\u0131da \u00f6n\u00fcm\u00fczdeki g\u00fcnlerde CHP Genel Ba\u015fkan\u0131 \u00d6zg\u00fcr \u00d6zel\u2019in kat\u0131l\u0131m\u0131yla yap\u0131lacak toplu a\u00e7\u0131l\u0131\u015f t\u00f6reniyle ilgili de bilgi vererek, &#8220;Ocak ya da \u015eubat ay\u0131nda genel ba\u015fkan\u0131m\u0131z\u0131n program\u0131n\u0131n uygunlu\u011fu \u00e7er\u00e7evesinde Yunusemre Belediyesi olarak b\u00fcy\u00fck bir toplu a\u00e7\u0131l\u0131\u015f t\u00f6reni yapaca\u011f\u0131z. Belediyemiz her t\u00fcrl\u00fc imkans\u0131zl\u0131klara ra\u011fmen i\u015f \u00fcretmeye devam ediyor. Bu toplu a\u00e7\u0131l\u0131\u015f i\u00e7erisinde d\u00f6rt yeni kre\u015f var. Genel merkezimizin en b\u00fcy\u00fck projesi yurt ve kre\u015f projesi. Bug\u00fcn \u00f6zel kre\u015fler ayl\u0131k 20-25 bin TL aras\u0131nda.  Bu fiyat belediyemiz b\u00fcnyesinde hizmet veren kre\u015flerimizde ayl\u0131k 2 bin 500 TL. Yeni y\u0131lda bir zam gelecek ama ona ra\u011fmen fiyatlar piyasan\u0131n sekizde biri. Yine toplu a\u00e7\u0131l\u0131\u015f t\u00f6reninde Mare\u015fal Fevzi \u00c7akmak Mahallesinde halk\u0131m\u0131z\u0131n iste\u011fi do\u011frultusunda \u00e7ok g\u00fczel bir park yapt\u0131k. Ad\u0131 da Ahmet Kaya Park\u0131. Bunu da mecliste d\u00f6rt parti oy birli\u011fiyle ge\u00e7irdik. Onlara da te\u015fekk\u00fcr ediyorum. \u00c7ok g\u00fczel bir park oldu. Onun da a\u00e7\u0131l\u0131\u015f\u0131n\u0131 toplu a\u00e7\u0131l\u0131\u015f t\u00f6reninde yapaca\u011f\u0131z. Yine Uncubozk\u00f6y\u2019de bir refakat\u00e7\u0131 ve kad\u0131n misafirhanesi a\u00e7t\u0131k. Onun da toplu a\u00e7\u0131l\u0131\u015f\u0131n\u0131 hep birlikte ger\u00e7ekle\u015ftirece\u011fiz. Yine Emekli Kafe a\u00e7\u0131yoruz. Mesir Tabiat Park\u0131\u2019n\u0131 emekli kafe olarak d\u00fc\u015f\u00fcnm\u00fc\u015ft\u00fck ama emeklilerin oraya gidip gelmesi zor olaca\u011f\u0131 i\u00e7in ondan vazge\u00e7tik. Oray\u0131 da Gen\u00e7lik Kafe olarak y\u0131lsonunda hizmete sokaca\u011f\u0131z. Orada da gen\u00e7lerin g\u00fczel vakit ge\u00e7irebilece\u011fi aktiviteler olacak. Atat\u00fcrk Mahallesi\u2019nde Kad\u0131n Kafe a\u00e7\u0131yoruz. Orada kad\u0131nlar \u00e7al\u0131\u015facak ve sadece kad\u0131nlar girecek, kad\u0131n karde\u015flerimiz i\u00e7in \u00f6nemli bir sosyalle\u015fme alan\u0131 olacak. Muradiye\u2019de sa\u011fl\u0131k merkezini a\u00e7t\u0131k. Diyetisyeniyle, fizyoterapistiyle, psikolo\u011fuyla \u00fccretsiz sa\u011fl\u0131k hizmetlerine ba\u015flad\u0131k. Seyitli Mahallemizde gen\u00e7lerimize s\u00f6z vermi\u015ftik. Yapt\u0131\u011f\u0131m\u0131z hal\u0131 saham\u0131z da toplu a\u00e7\u0131l\u0131\u015f t\u00f6reninde yer alacak. Asmac\u0131k ve M\u00fcslih\u2019te de yar\u0131m kalan d\u00fc\u011f\u00fcn salonlar\u0131n\u0131 tamamlad\u0131k, onlar da bu toplu a\u00e7\u0131l\u0131\u015f t\u00f6reninde olacak. Hizmete kazand\u0131rd\u0131\u011f\u0131m\u0131z Publika Kafe de toplu a\u00e7\u0131l\u0131\u015fta yer alacak. Bir de Merkezefendi\u2019 de taziye evini bitirdik. Genel Ba\u015fkan\u0131m\u0131z \u00f6zellikle S\u00fcreyya Park\u0131\u2019n\u0131 a\u00e7mak istiyordu. Ama ne yaz\u0131k ki program\u0131 bir t\u00fcrl\u00fc uymad\u0131 ve S\u00fcreyya Park\u0131n\u0131 da bu toplu a\u00e7\u0131l\u0131\u015fa koyaca\u011f\u0131z&#8221; diye konu\u015ftu.<\/p>\n<p>&#8220;Ne memura ne i\u015f\u00e7ilerimize borcumuz kalmad\u0131&#8221;<br \/>\n<br \/>Belediyenin memura ve i\u015f\u00e7ilere borcunun kalmad\u0131\u011f\u0131n\u0131n alt\u0131n\u0131 \u00e7izen Yunusemre Belediye Ba\u015fkan\u0131 a\u00e7\u0131klamas\u0131nda \u015fu ifadelere yer verdi: &#8220;Ne memura ne i\u015f\u00e7ilere bir kuru\u015f borcumuz yok. Sosyal denge tazminatlar\u0131n\u0131 yeniden \u00f6demeye ba\u015flad\u0131k. Anla\u015ft\u0131\u011f\u0131m\u0131z tarihten itibaren ge\u00e7erli ne kadar borcumuz varsa d\u00fcn itibariyle s\u0131f\u0131rlad\u0131k, i\u015f\u00e7i karde\u015flerimize de ikramiye borcumuz vard\u0131. D\u00fcn itibariyle i\u015f\u00e7i karde\u015flerimize de b\u00fct\u00fcn bor\u00e7lar\u0131m\u0131z\u0131 s\u0131f\u0131rlad\u0131k, i\u015f\u00e7i karde\u015flerimize de memur karde\u015flerimize de bir kuru\u015f borcumuz yok&#8221;<\/p>\n<p>Sokak hayvanlar\u0131 sorunu b\u00fcy\u00fck \u00f6l\u00e7\u00fcde \u00e7\u00f6z\u00fcld\u00fc<br \/>\n<br \/>Hayvan Ya\u015fam Merkezi, yeni projeler, Muradiye\u2019de y\u00fcr\u00fct\u00fclen \u00e7al\u0131\u015fmalar, personel say\u0131s\u0131, imar konusunda da \u00f6nemli a\u00e7\u0131klamalarda bulunan Ba\u015fkan Semih Balaban a\u00e7\u0131klamas\u0131nda \u015funlar\u0131 s\u00f6yledi: &#8220;Yine \u00f6nemli bir konu arkada\u015flar, k\u00f6pek sorunu&#8230; Bu sorunu il\u00e7emizde b\u00fcy\u00fck oranda \u00e7\u00f6zd\u00fck. Rahmetli Ferdi Ba\u015fkan\u0131 sayg\u0131yla an\u0131yorum. Onun b\u00fcy\u00fck katk\u0131s\u0131yla Ege B\u00f6lgesi\u2019nin en modern, en ya\u015fanabilir, en g\u00fczel hayvan ya\u015fam merkezini May\u0131s ay\u0131nda a\u00e7t\u0131k. Besim Ba\u015fkan da elini \u00fczerimizden hi\u00e7 \u00e7ekmedi. Onun da katk\u0131lar\u0131yla m\u00fckemmel bir \u015fekilde hizmetimiz devam ediyor. \u015eu an orada yakla\u015f\u0131k 2 bin k\u00f6pek var. Hayvanlar burada en iyi \u015fartlarda hayatlar\u0131n\u0131 s\u00fcrd\u00fcr\u00fcyor. G\u00f6reve geldi\u011fimizde bar\u0131na\u011f\u0131n y\u00fczde ellisi bile tamamlanmam\u0131\u015ft\u0131. \u015eu anda y\u00fczde 90\u2019\u0131 tamam. B\u00fct\u00fcn eksiklerini tamamlad\u0131k. \u015eu an k\u0131rk padok hizmette. Geriye kalan \u00fc\u00e7te bir pado\u011fu da iki ay i\u00e7inde hizmete sokaca\u011f\u0131z. Yunusemre Belediyesi\u2019nin bu konuda temel fark\u0131 hayvanseverleri orada \u00e7al\u0131\u015ft\u0131rmam\u0131z. C\u0130MER\u2019e bu konuda yap\u0131lan \u015fikayetler y\u00fczde 90 azald\u0131. Oraya giden b\u00fct\u00fcn k\u00f6pekler k\u0131s\u0131rla\u015ft\u0131r\u0131l\u0131yor. Hastaysa da tedavisi yap\u0131l\u0131yor. Yunusemre\u2019nin iki temel sorunu vard\u0131, biri imar di\u011feri de sokak hayvanlar\u0131. Sokak hayvanlar\u0131 sorunu b\u00fcy\u00fck \u00f6l\u00e7\u00fcde \u00e7\u00f6z\u00fcld\u00fc. \u0130mar sorununu da Besim Ba\u015fkan\u0131m\u0131zla birlikte \u00e7\u00f6zece\u011fiz&#8221;<\/p>\n<p>Muradiye\u2019de y\u00fcr\u00fct\u00fclen \u00e7al\u0131\u015fmalar\u0131 anlatt\u0131<br \/>\n<br \/>Muradiye Mahallesi\u2019ndeki \u00e7al\u0131\u015fmalar hakk\u0131nda bilgi veren Ba\u015flan Balaban, &#8220;Besim Ba\u015fkan Manisa tarihinin en b\u00fcy\u00fck yat\u0131r\u0131m\u0131n\u0131 Muradiye\u2019ye yap\u0131yor. Yakla\u015f\u0131k 2 y\u0131l bir s\u0131k\u0131nt\u0131 ya\u015fanacak ancak insanlar gelecek 50-60 y\u0131l rahat edecek. Kimse yapmaz, yeralt\u0131na o paray\u0131 g\u00f6mmek istemez, g\u00f6stermelik birka\u00e7 tane i\u015f yapar, on kat daha fazla siyasi art\u0131s\u0131 olur ama ne Besim Ba\u015fkan\u0131n ne bizim \u015fovla i\u015fimiz yok! Sorun \u00e7\u00f6zmekle i\u015fimiz var ve bunu da \u00e7\u00f6zece\u011fiz. G\u00f6revde oldu\u011fumuz 20 ayda Muradiye\u2019ye ek hizmet binas\u0131, Akasya Kafe, YEGEM \u015fubesi, sa\u011fl\u0131k merkezi ve kre\u015f kazand\u0131rd\u0131k. Bir de yine Muradiye halk\u0131n\u0131n istedi\u011fi do\u011frultuda pazaryerinin oradaki alana da ye\u015fil alan\u0131 yap\u0131yoruz. 2026\u2019da kazmay\u0131 vuraca\u011f\u0131z. 2026\u2019da Muradiye bamba\u015fka bir mahalle olacak. \u015eu an orada y\u00fcr\u00fct\u00fclen yo\u011fun kaz\u0131 \u00e7al\u0131\u015fmalar\u0131 s\u0131k\u0131nt\u0131 olu\u015fturabiliyor. 2 y\u0131l sonra oran\u0131n nas\u0131l de\u011fi\u015fti\u011fini hep birlikte g\u00f6rece\u011fiz&#8221; dedi.<\/p>\n<p>Akgedik, Karak\u0131l\u0131\u00e7l\u0131, yayla ve Karaali\u2019ye yeni projeler<br \/>\n<br \/>3 mahallede daha yeni projeler haz\u0131rlad\u0131klar\u0131n\u0131 belirten Balaban, &#8220;Akgedik\u2019te Besim Ba\u015fkan\u0131m\u0131zla birlikte konut,  pazaryeri, taziye evi, d\u00fc\u011f\u00fcn salonu, hal\u0131 saha projelerimiz olacak. Bunlar\u0131 da en iyi \u015fekilde de\u011ferlendirece\u011fiz. Yuntda\u011f\u0131\u2019nda Karak\u0131l\u0131\u00e7l\u0131 ve Yayla k\u00f6ylerine d\u00fc\u011f\u00fcn salonu s\u00f6z\u00fc vermi\u015ftik. Ciddi bir yat\u0131r\u0131m. Besim Ba\u015fkan\u0131m\u0131z\u0131n katk\u0131lar\u0131yla bu d\u00fc\u011f\u00fcn salonlar\u0131n\u0131n ihalesine de Ocak ay\u0131 i\u00e7inde \u00e7\u0131kaca\u011f\u0131z. Bu y\u0131l i\u00e7erisinde de tamamlam\u0131\u015f olaca\u011f\u0131z. Karali\u2019de virane bir \u015fekilde yar\u0131m kalan de\u011fil, \u00fc\u00e7te biri bitmemi\u015f bir d\u00fc\u011f\u00fcn salonu var. Onu da tamaml\u0131yoruz. O d\u00fc\u011f\u00fcn salonunu da en ekonomik \u015fekilde halk\u0131m\u0131z\u0131n hizmetine a\u00e7aca\u011f\u0131z&#8221; diye konu\u015ftu.<\/p>\n<p>Mutlu, Lalapa\u015fa ve Ova K\u00fcme Evleri i\u00e7in \u2018Birlikte \u00e7\u00f6zelim\u2019 \u00e7a\u011fr\u0131s\u0131<br \/>\n<br \/>Kentsel d\u00f6n\u00fc\u015f\u00fcm i\u00e7in t\u00fcm siyasi parti gruplar\u0131na &#8220;Birlikte \u00e7\u00f6zelim&#8221; \u00e7a\u011fr\u0131s\u0131 yapan Balaban, &#8220;Bizden \u00f6nce Lalapa\u015fa ve Mutlu mahallelerinde kentsel d\u00f6n\u00fc\u015f\u00fcm alan\u0131 ilan edilmi\u015f. Orada 120 aile ma\u011fdur edilmi\u015f. T\u00fcm samimiyetimle AK Partili milletvekillerine, il ba\u015fkan\u0131na, il\u00e7e ba\u015fkan\u0131na sesleniyorum. Nas\u0131l Ulu Cami\u2019de, \u0130shak\u00e7elebi\u2019de, Bay\u0131nd\u0131rl\u0131k\u2019ta Toplu konut projesiyle bu sorunu \u00e7\u00f6zd\u00fcyseniz bunu da \u00e7\u00f6z\u00fcn.  Biz de sizi alk\u0131\u015flayal\u0131m. Diyelim ki bu sorunu olu\u015fturan biz de\u011fildik, bu soruna neden olan AK Parti\u2019ydi, \u00e7\u00f6zen de odur. Bu konuda samimiyetle te\u015fekk\u00fcr edelim. Bu sorunu da \u00e7\u00f6zmek AK Parti\u2019nin elinde. \u00c7\u00fcnk\u00fc merkezi iktidar AK Parti\u2019de. Yine Mare\u015fal Fevzi \u00c7akmak Mahallesi\u2019nde Ova K\u00fcme Evlerinde numarataj sorunu var. Sorunun \u00e7\u00f6z\u00fcm\u00fc i\u00e7in Ankara\u2019da AK Parti ve CHP milletvekillerini ve Genel Ba\u015fkan\u0131m\u0131z \u00d6zg\u00fcr \u00d6zel\u2019i ziyaret ederek dosyay\u0131 sunduk. Ama bunun da \u00e7\u00f6z\u00fcm\u00fc AK Parti\u2019de. Yap\u0131lacak \u015fey \u00e7ok basit. Tar\u0131m\u0131n yap\u0131lmad\u0131\u011f\u0131 o topraklarda onlar\u0131 tar\u0131m arazi vasf\u0131ndan \u00e7\u0131kartacak. Belediyeler de oraya imar verecek, numarataj sorunu \u00e7\u00f6z\u00fclecek. Bizim amac\u0131m\u0131z \u00fcz\u00fcm yemek. Bizim amac\u0131m\u0131z \u015fov yapmak de\u011fil. Sorunu kim \u00e7\u00f6z\u00fcyorsa \u00e7\u00f6zs\u00fcn. O sorunu \u00e7\u00f6zenin yan\u0131nday\u0131z. Belediyemizin ya da b\u00fcy\u00fck\u015fehrin yetkisi yok ki \u00e7\u00f6zelim. Bunu \u00e7\u00f6zecek olan, merkezi iradedir. Bunun \u00e7\u00f6z\u00fcm\u00fcn\u00fcn adresi bellidir. Gelin birlikte \u00e7\u00f6zelim. Bu halk\u0131n sorununu \u00e7\u00f6zme onurunu birlikte ya\u015fayal\u0131m. Siz \u00e7\u00f6z\u00fcn, biz de katk\u0131 verelim. Lalapa\u015fa ve Mutlu\u2019daki kentsel d\u00f6n\u00fc\u015f\u00fcm yetkisi bizden \u00f6nceki d\u00f6nem Yunusemre Belediyesi\u2019ne verilmi\u015f. Biz bu yetkimizi hemen devretmeye haz\u0131r\u0131z. Yeter ki sorunu biz \u00e7\u00f6zece\u011fiz deyin&#8221; ifadelerini kulland\u0131.<\/p>\n<p>\u0130\u015f\u00e7i al\u0131mlar\u0131na ili\u015fkin iddialara cevap verdi<br \/>\n<br \/>\u0130\u015f\u00e7i al\u0131mlar\u0131yla ilgili iddialara cevap veren Ba\u015fkan Balaban, &#8220;Diyorlar ki belediyede 2700 ki\u015fi \u00e7al\u0131\u015f\u0131yor, 3000 ki\u015fi \u00e7al\u0131\u015f\u0131yor. Ben de bunlar\u0131 her toplant\u0131da a\u00e7\u0131klayaca\u011f\u0131m. Bir daha yalanlar\u0131n\u0131 y\u00fcz\u00fcne \u00e7arpaca\u011f\u0131m. Biz bu belediyeyi 1420 ki\u015fiyle ald\u0131k. \u015eu an 1715 ki\u015fi var. Neden? \u00c7\u00f6pe hala ihtiya\u00e7 oluyor. Bar\u0131na\u011fa da padok a\u00e7\u0131ld\u0131k\u00e7a personel takviyesi yapaca\u011f\u0131z. Bizim d\u00f6nemle eski d\u00f6nem aras\u0131nda 300 fark var. YEGEM \u015fubesi ve be\u015f kre\u015f a\u00e7t\u0131k. 50 arkada\u015f\u0131m\u0131z\u0131 istihdam ettik orada. Hayvan Ya\u015fam Merkezini a\u00e7t\u0131k. Orada bizden \u00f6nce 3 ki\u015fi vard\u0131. Bir tane veteriner vard\u0131. Bir tane k\u0131s\u0131rla\u015ft\u0131rma yapmam\u0131\u015ft\u0131. \u015eu an bizim veteriner kadromuz 6 ki\u015fi. 50 personel hayvan ya\u015fam merkezine ald\u0131k. S\u00fcreyya Park\u0131\u2019nda 25 personel g\u00f6rev yap\u0131yor. A\u00e7t\u0131\u011f\u0131m\u0131z kafelere 40 yeni arkada\u015f ald\u0131k. Zab\u0131tay\u0131 35\u2019ten 105\u2019e \u00e7\u0131kartt\u0131k. 70 ki\u015fi oradan bir art\u0131\u015f\u0131m\u0131z oldu. Muradiye hizmet binas\u0131nda 20 arkada\u015f\u0131 istihdam ettik. 20 yeni temizlik personeli ald\u0131k. GES\u2019te 4 arkada\u015f\u0131m\u0131z g\u00f6rev yap\u0131yor. G\u00fcvenlik personeli say\u0131s\u0131n\u0131 artt\u0131rd\u0131k. 10 personelimizi k\u00f6ylere g\u00f6revli verdik. Kad\u0131n Dayan\u0131\u015fma ve E\u011fitim Merkezlerimizde \u00e7al\u0131\u015fmak \u00fczere 10 e\u011fitmen ald\u0131k. Devlet kurumlar\u0131na verdi\u011fimiz g\u00f6revliler artt\u0131.10 ki\u015fi de oraya, toplam 315 yapar.  Bizde memur say\u0131s\u0131 fazla&#8221; dedi.<br \/>\n<br \/>SGK haricinde b\u00fcy\u00fck \u00e7apl\u0131 bir bor\u00e7 b\u0131rakmad\u0131klar\u0131n\u0131n alt\u0131n\u0131 \u00e7izen Balaban, &#8220;SGK bor\u00e7lar\u0131m\u0131z artt\u0131. Memurlar\u0131nkini \u00f6d\u00fcyoruz, belediyeye ait \u015firketlerdekileri  \u00f6deyemiyoruz. 250 milyon bor\u00e7la devrald\u0131k. \u015eu an 600 milyona \u00e7\u0131kt\u0131. Ancak bunun 220 milyonu faiz. Belediyeyi 650 milyon lira banka borcuyla devrald\u0131k. Bu borcu 220 milyona d\u00fc\u015f\u00fcrd\u00fck. Yedi bankadan \u015fu an \u00fc\u00e7 banka kald\u0131. Esnafa, \u015firketlere, m\u00fcteahhitlere 580 milyon lira olan borcumuz y\u00fcz yetmi\u015f milyona d\u00fc\u015ft\u00fc. SGK\u2019ya gelin mahsupla\u015fal\u0131m diyoruz ancak kabul etmiyorlar. Ama AK Partili belediye olursa durum ba\u015fka. Bas\u0131ndan da takip ediyorsunuz. Besim ba\u015fkana bir kez daha te\u015fekk\u00fcr ediyorum. Gen\u00e7lik merkezini B\u00fcy\u00fck\u015fehir\u2019e 330 milyona devrettik. SGK d\u0131\u015f\u0131nda ciddi bir borcumuz kalmad\u0131&#8221; diye konu\u015ftu.<br \/><\/p>\n","protected":false},"excerpt":{"rendered":"<p>Yunusemre Belediye Ba\u015fkan\u0131 Semih Balaban, ayl\u0131k bas\u0131n toplant\u0131s\u0131nda toplu a\u00e7\u0131l\u0131\u015f t\u00f6reninden finansal tabloya, yeni projelerden sokak hayvanlar\u0131 sorununa kadar bir\u00e7ok ba\u015fl\u0131kta \u00f6nemli a\u00e7\u0131klamalar yaparak, &#8220;Yunusemre\u2019de hizmet \u00fcretmeye devam ediyoruz&#8221; dedi. Yunusemre Belediye Ba\u015fkan\u0131 Semih Balaban ayl\u0131k bas\u0131n toplant\u0131s\u0131nda yapt\u0131\u011f\u0131 \u00e7al\u0131\u015fmalar\u0131 anlatt\u0131, iddialara yan\u0131t verdi, g\u00fcndemi de\u011ferlendirdi. Ba\u015fkanl\u0131k makam\u0131nda d\u00fczenlenen toplant\u0131da Ba\u015fkan Balaban\u2019a ba\u015fkan yard\u0131mc\u0131lar\u0131 Ali&#8230;<\/p>\n","protected":false},"author":1,"featured_media":72048,"comment_status":"open","ping_status":"open","sticky":false,"template":"","format":"standard","meta":{"_crdt_document":"","footnotes":""},"categories":[1],"tags":[],"class_list":["post-72047","post","type-post","status-publish","format-standard","has-post-thumbnail","hentry","category-guncel"],"_links":{"self":[{"href":"https:\/\/www.egemtv.com\/index.php?rest_route=\/wp\/v2\/posts\/72047","targetHints":{"allow":["GET"]}}],"collection":[{"href":"https:\/\/www.egemtv.com\/index.php?rest_route=\/wp\/v2\/posts"}],"about":[{"href":"https:\/\/www.egemtv.com\/index.php?rest_route=\/wp\/v2\/types\/post"}],"author":[{"embeddable":true,"href":"https:\/\/www.egemtv.com\/index.php?rest_route=\/wp\/v2\/users\/1"}],"replies":[{"embeddable":true,"href":"https:\/\/www.egemtv.com\/index.php?rest_route=%2Fwp%2Fv2%2Fcomments&post=72047"}],"version-history":[{"count":1,"href":"https:\/\/www.egemtv.com\/index.php?rest_route=\/wp\/v2\/posts\/72047\/revisions"}],"predecessor-version":[{"id":72049,"href":"https:\/\/www.egemtv.com\/index.php?rest_route=\/wp\/v2\/posts\/72047\/revisions\/72049"}],"wp:featuredmedia":[{"embeddable":true,"href":"https:\/\/www.egemtv.com\/index.php?rest_route=\/wp\/v2\/media\/72048"}],"wp:attachment":[{"href":"https:\/\/www.egemtv.com\/index.php?rest_route=%2Fwp%2Fv2%2Fmedia&parent=72047"}],"wp:term":[{"taxonomy":"category","embeddable":true,"href":"https:\/\/www.egemtv.com\/index.php?rest_route=%2Fwp%2Fv2%2Fcategories&post=72047"},{"taxonomy":"post_tag","embeddable":true,"href":"https:\/\/www.egemtv.com\/index.php?rest_route=%2Fwp%2Fv2%2Ftags&post=72047"}],"curies":[{"name":"wp","href":"https:\/\/api.w.org\/{rel}","templated":true}]}}