{"id":72041,"date":"2025-12-04T15:55:57","date_gmt":"2025-12-04T12:55:57","guid":{"rendered":"https:\/\/www.egemtv.com\/?p=72041"},"modified":"2025-12-04T15:55:57","modified_gmt":"2025-12-04T12:55:57","slug":"sultanhisarda-silah-operasyonu","status":"publish","type":"post","link":"https:\/\/www.egemtv.com\/?p=72041","title":{"rendered":"Sultanhisar\u2019da silah operasyonu"},"content":{"rendered":"<p>Ayd\u0131n\u2019\u0131n Sultanhisar Mahallesi\u2019nde jandarma ekipleri taraf\u0131ndan yap\u0131lan operasyonda ruhsats\u0131z silah ve t\u00fcfek ele ge\u00e7irildi.<br \/>\n<br \/>Ayd\u0131n \u0130l Jandarma Komutanl\u0131\u011f\u0131, ruhsats\u0131z silah ve m\u00fchimmat bulundurma su\u00e7lar\u0131n\u0131n \u00f6nlenmesine y\u00f6nelik y\u00fcr\u00fctt\u00fc\u011f\u00fc \u00e7al\u0131\u015fmalarda Sultanhisar il\u00e7esinde operasyon d\u00fczenledi. Sultanhisar \u0130l\u00e7e Jandarma Komutanl\u0131\u011f\u0131 koordinasyonunda Ayd\u0131n \u0130l Emniyet M\u00fcd\u00fcrl\u00fc\u011f\u00fc KOM \u015eube M\u00fcd\u00fcrl\u00fc\u011f\u00fc Organize B\u00fcro Amirli\u011fi ile ortak y\u00fcr\u00fct\u00fclen operasyonda, Salavatl\u0131 Mahallesi\u2019nde belirlenen adreslerde arama ger\u00e7ekle\u015ftirildi. Aramalarda, 1 adet 12 cal. yar\u0131 otomatik ruhsats\u0131z av t\u00fcfe\u011fi, 1 adet 12 cal. yan yana namlulu seri numaras\u0131z ruhsats\u0131z av t\u00fcfe\u011fi, 1 adet 16 cal. tek k\u0131rma seri numaras\u0131z ruhsats\u0131z av t\u00fcfe\u011fi,<br \/>\n<br \/>1 adet kuru s\u0131k\u0131 tabanca, 1 adet \u015farj\u00f6r ve 9 adet 9 mm tabanca fi\u015fe\u011fi ele ge\u00e7irildi. Olayla ilgili Cumhuriyet Savc\u0131l\u0131\u011f\u0131 talimat\u0131yla \u015f\u00fcpheliler hakk\u0131nda adli soru\u015fturma ba\u015flat\u0131ld\u0131.<br \/><\/p>\n","protected":false},"excerpt":{"rendered":"<p>Ayd\u0131n\u2019\u0131n Sultanhisar Mahallesi\u2019nde jandarma ekipleri taraf\u0131ndan yap\u0131lan operasyonda ruhsats\u0131z silah ve t\u00fcfek ele ge\u00e7irildi. Ayd\u0131n \u0130l Jandarma Komutanl\u0131\u011f\u0131, ruhsats\u0131z silah ve m\u00fchimmat bulundurma su\u00e7lar\u0131n\u0131n \u00f6nlenmesine y\u00f6nelik y\u00fcr\u00fctt\u00fc\u011f\u00fc \u00e7al\u0131\u015fmalarda Sultanhisar il\u00e7esinde operasyon d\u00fczenledi. Sultanhisar \u0130l\u00e7e Jandarma Komutanl\u0131\u011f\u0131 koordinasyonunda Ayd\u0131n \u0130l Emniyet M\u00fcd\u00fcrl\u00fc\u011f\u00fc KOM \u015eube M\u00fcd\u00fcrl\u00fc\u011f\u00fc Organize B\u00fcro Amirli\u011fi ile ortak y\u00fcr\u00fct\u00fclen operasyonda, Salavatl\u0131 Mahallesi\u2019nde belirlenen adreslerde&#8230;<\/p>\n","protected":false},"author":1,"featured_media":72042,"comment_status":"open","ping_status":"open","sticky":false,"template":"","format":"standard","meta":{"_crdt_document":"","footnotes":""},"categories":[5],"tags":[],"class_list":["post-72041","post","type-post","status-publish","format-standard","has-post-thumbnail","hentry","category-asayis"],"_links":{"self":[{"href":"https:\/\/www.egemtv.com\/index.php?rest_route=\/wp\/v2\/posts\/72041","targetHints":{"allow":["GET"]}}],"collection":[{"href":"https:\/\/www.egemtv.com\/index.php?rest_route=\/wp\/v2\/posts"}],"about":[{"href":"https:\/\/www.egemtv.com\/index.php?rest_route=\/wp\/v2\/types\/post"}],"author":[{"embeddable":true,"href":"https:\/\/www.egemtv.com\/index.php?rest_route=\/wp\/v2\/users\/1"}],"replies":[{"embeddable":true,"href":"https:\/\/www.egemtv.com\/index.php?rest_route=%2Fwp%2Fv2%2Fcomments&post=72041"}],"version-history":[{"count":1,"href":"https:\/\/www.egemtv.com\/index.php?rest_route=\/wp\/v2\/posts\/72041\/revisions"}],"predecessor-version":[{"id":72043,"href":"https:\/\/www.egemtv.com\/index.php?rest_route=\/wp\/v2\/posts\/72041\/revisions\/72043"}],"wp:featuredmedia":[{"embeddable":true,"href":"https:\/\/www.egemtv.com\/index.php?rest_route=\/wp\/v2\/media\/72042"}],"wp:attachment":[{"href":"https:\/\/www.egemtv.com\/index.php?rest_route=%2Fwp%2Fv2%2Fmedia&parent=72041"}],"wp:term":[{"taxonomy":"category","embeddable":true,"href":"https:\/\/www.egemtv.com\/index.php?rest_route=%2Fwp%2Fv2%2Fcategories&post=72041"},{"taxonomy":"post_tag","embeddable":true,"href":"https:\/\/www.egemtv.com\/index.php?rest_route=%2Fwp%2Fv2%2Ftags&post=72041"}],"curies":[{"name":"wp","href":"https:\/\/api.w.org\/{rel}","templated":true}]}}