{"id":72038,"date":"2025-12-04T15:55:56","date_gmt":"2025-12-04T12:55:56","guid":{"rendered":"https:\/\/www.egemtv.com\/?p=72038"},"modified":"2025-12-04T15:55:56","modified_gmt":"2025-12-04T12:55:56","slug":"vali-ozkan-teknofest-takimini-tebrik-etti","status":"publish","type":"post","link":"https:\/\/www.egemtv.com\/?p=72038","title":{"rendered":"Vali \u00d6zkan, TEKNOFEST tak\u0131m\u0131n\u0131 tebrik etti"},"content":{"rendered":"<p>Manisa Valisi Vahdettin \u00d6zkan makam\u0131nda a\u011f\u0131rlad\u0131\u011f\u0131 TEKNOFEST 2025\u2019te ulusal dereceler elde eden Manisa Celal Bayar \u00dcniversitesi (MCB\u00dc) \u00f6\u011frencilerini tebrik ederek b\u00f6ylesi ba\u015far\u0131lar\u0131n gelece\u011fe umut verdi\u011fini s\u00f6yledi.<br \/>\n<br \/>Manisa Valisi Vahdettin \u00d6zkan, TEKNOFEST 2025\u2019te ulusal dereceler elde ederek Manisa\u2019n\u0131n gururu olan Manisa CB\u00dc \u00f6\u011frencilerini makam\u0131nda misafir etti. Vali \u00d6zkan, gen\u00e7lerin teknoloji alan\u0131nda elde etti\u011fi ba\u015far\u0131lar\u0131n Manisa\u2019n\u0131n ve \u00fclkemizin gelece\u011fine umut verdi\u011fini belirterek, MCB\u00dc \u00f6\u011frencilerini tebrik etti. TEKNOFEST 2025\u2019te derece alan MCB\u00dc tak\u0131mlar\u0131, MCB\u00dc Rekt\u00f6r\u00fc Prof. Dr. Rana Kibar ile birlikte Vali Vahdettin \u00d6zkan\u2019a ziyarette bulundu. Ziyarette \u00f6\u011frenciler, yar\u0131\u015fma s\u00fcrecinde geli\u015ftirdikleri projeler ve ger\u00e7ekle\u015ftirdikleri \u00e7al\u0131\u015fmalar hakk\u0131nda Vali \u00d6zkan\u2019a bilgi verdi.<br \/>\n<br \/>Manisa CB\u00dc Rekt\u00f6r\u00fc Prof. Dr. Rana Kibar, \u00fcniversitenin bu y\u0131l TEKNOFEST\u2019te 11 tak\u0131m ve 29 \u00f6\u011frenciyle finalist olarak yer ald\u0131\u011f\u0131n\u0131, be\u015f farkl\u0131 kategoride derece alarak T\u00fcrkiye genelinde \u00f6ne \u00e7\u0131kan \u00fcniversitelerden biri olduklar\u0131n\u0131 vurgulad\u0131. Manisa CB\u00dc olarak gen\u00e7lerin yenilik\u00e7i projeler \u00fcretmesini desteklemeye devam edeceklerini ifade etti.<br \/>\n<br \/>Vali Vahdettin \u00d6zkan, elde edilen ba\u015far\u0131lar\u0131n Manisa\u2019n\u0131n bilim, teknoloji ve inovasyon alan\u0131ndaki g\u00f6r\u00fcn\u00fcrl\u00fc\u011f\u00fcn\u00fc art\u0131rd\u0131\u011f\u0131n\u0131 belirterek \u00f6\u011frenci ve akademisyenleri tebrik etti. Vali \u00d6zkan, &#8220;Bu ba\u015far\u0131lar yaln\u0131zca \u00fcniversitemizin de\u011fil, Manisa\u2019n\u0131n geli\u015fen teknoloji k\u00fclt\u00fcr\u00fcn\u00fcn de bir g\u00f6stergesidir. Gen\u00e7lerimizin \u00fcretme heyecan\u0131n\u0131 g\u00f6rmek hepimizi gururland\u0131r\u0131yor.&#8221; \u0130fadelerini kulland\u0131.<br \/>\n<br \/>Ayr\u0131ca \u00f6\u011frencilerin bilimsel merak\u0131 ve \u00fcretme heyecan\u0131 ile akademik kadronun \u00f6zverili \u00e7al\u0131\u015fmalar\u0131 sayesinde \u00fcniversitenin yapay zek\u00e2, s\u00fcrd\u00fcr\u00fclebilirlik, \u00e7evre teknolojileri, robotik ve malzeme bilimi gibi alanlarda Ar-Ge kapasitesinin g\u00fc\u00e7lendi\u011fine dikkat \u00e7ekildi.<br \/>\n<br \/>TEKNOFEST 2025\u2019te Derece Alan Tak\u0131mlar: OHM\u0130GOS &#8211; Mesleki Yetenek (End\u00fcstriyel Otomasyon) 1.\u2019lik, METUNATION &#8211; S\u00fcrd\u00fcr\u00fclebilir \u015eehirler Hackathonu 1.\u2019lik, PAG\u0130T Spektrum: DEEPNETS &#8211; Ara\u015ft\u0131rma Projeleri (\u00c7evre &amp; Enerji) 1.\u2019lik, Kovak: KompoFilament &#8211; Ara\u015ft\u0131rma Projeleri (Makine\/Nanoteknoloji) 3.\u2019l\u00fck, OptiTech 2 &#8211; T\u00dcB\u0130TAK En \u0130yi Sunum \u00d6d\u00fcl\u00fc.<br \/><\/p>\n","protected":false},"excerpt":{"rendered":"<p>Manisa Valisi Vahdettin \u00d6zkan makam\u0131nda a\u011f\u0131rlad\u0131\u011f\u0131 TEKNOFEST 2025\u2019te ulusal dereceler elde eden Manisa Celal Bayar \u00dcniversitesi (MCB\u00dc) \u00f6\u011frencilerini tebrik ederek b\u00f6ylesi ba\u015far\u0131lar\u0131n gelece\u011fe umut verdi\u011fini s\u00f6yledi. Manisa Valisi Vahdettin \u00d6zkan, TEKNOFEST 2025\u2019te ulusal dereceler elde ederek Manisa\u2019n\u0131n gururu olan Manisa CB\u00dc \u00f6\u011frencilerini makam\u0131nda misafir etti. Vali \u00d6zkan, gen\u00e7lerin teknoloji alan\u0131nda elde etti\u011fi ba\u015far\u0131lar\u0131n Manisa\u2019n\u0131n ve&#8230;<\/p>\n","protected":false},"author":1,"featured_media":72039,"comment_status":"open","ping_status":"open","sticky":false,"template":"","format":"standard","meta":{"_crdt_document":"","footnotes":""},"categories":[1],"tags":[],"class_list":["post-72038","post","type-post","status-publish","format-standard","has-post-thumbnail","hentry","category-guncel"],"_links":{"self":[{"href":"https:\/\/www.egemtv.com\/index.php?rest_route=\/wp\/v2\/posts\/72038","targetHints":{"allow":["GET"]}}],"collection":[{"href":"https:\/\/www.egemtv.com\/index.php?rest_route=\/wp\/v2\/posts"}],"about":[{"href":"https:\/\/www.egemtv.com\/index.php?rest_route=\/wp\/v2\/types\/post"}],"author":[{"embeddable":true,"href":"https:\/\/www.egemtv.com\/index.php?rest_route=\/wp\/v2\/users\/1"}],"replies":[{"embeddable":true,"href":"https:\/\/www.egemtv.com\/index.php?rest_route=%2Fwp%2Fv2%2Fcomments&post=72038"}],"version-history":[{"count":1,"href":"https:\/\/www.egemtv.com\/index.php?rest_route=\/wp\/v2\/posts\/72038\/revisions"}],"predecessor-version":[{"id":72040,"href":"https:\/\/www.egemtv.com\/index.php?rest_route=\/wp\/v2\/posts\/72038\/revisions\/72040"}],"wp:featuredmedia":[{"embeddable":true,"href":"https:\/\/www.egemtv.com\/index.php?rest_route=\/wp\/v2\/media\/72039"}],"wp:attachment":[{"href":"https:\/\/www.egemtv.com\/index.php?rest_route=%2Fwp%2Fv2%2Fmedia&parent=72038"}],"wp:term":[{"taxonomy":"category","embeddable":true,"href":"https:\/\/www.egemtv.com\/index.php?rest_route=%2Fwp%2Fv2%2Fcategories&post=72038"},{"taxonomy":"post_tag","embeddable":true,"href":"https:\/\/www.egemtv.com\/index.php?rest_route=%2Fwp%2Fv2%2Ftags&post=72038"}],"curies":[{"name":"wp","href":"https:\/\/api.w.org\/{rel}","templated":true}]}}