{"id":72035,"date":"2025-12-04T15:55:55","date_gmt":"2025-12-04T12:55:55","guid":{"rendered":"https:\/\/www.egemtv.com\/?p=72035"},"modified":"2025-12-04T15:55:56","modified_gmt":"2025-12-04T12:55:56","slug":"denizliden-kasim-ayinda-373-milyon-dolarlik-ihracat","status":"publish","type":"post","link":"https:\/\/www.egemtv.com\/?p=72035","title":{"rendered":"Denizli\u2019den Kas\u0131m ay\u0131nda 373 milyon dolarl\u0131k ihracat"},"content":{"rendered":"<p>DEN\u0130ZL\u0130 (\u0130HA) \u2013 Denizli\u2019nin ihracat\u0131 geride kalan Kas\u0131m ay\u0131nda 373 milyon dolar olarak ger\u00e7ekle\u015fti.<\/p>\n<p>Kas\u0131m ay\u0131 ihracat rakamlar\u0131 a\u00e7\u0131kland\u0131. \u00dclkemiz ihracat\u0131 kas\u0131mda y\u00fczde 2,2 art\u0131\u015fla 22,7 milyar dolar olarak ger\u00e7ekle\u015fti. T\u0130M taraf\u0131ndan a\u00e7\u0131klanan Denizli ihracat\u0131 kas\u0131m ay\u0131nda y\u00fczde 2,7 azal\u0131\u015fla 373 milyon dolar oldu. Denizli \u0130hracat\u00e7\u0131lar Birli\u011fi\u2019nce kayda al\u0131nan ihracat ise y\u00fczde 7,4 azal\u0131\u015fla 287 milyon dolar olarak ger\u00e7ekle\u015fti.  Sene ba\u015f\u0131ndan bu yana ayl\u0131k bazda yaln\u0131zca \u015eubat ve Eyl\u00fcl ay\u0131 hari\u00e7 olmak \u00fczere art\u0131\u015f g\u00f6steren Denizli ihracat\u0131, Kas\u0131m ay\u0131nda da ge\u00e7en y\u0131la g\u00f6re y\u00fczde 2,7 oran\u0131nda geriledi.<\/p>\n<p>Denizli ihracat\u0131n\u0131n y\u0131ll\u0131k bazda pozitif seyretti\u011fini belirten DEN\u0130B Ba\u015fkan\u0131 H\u00fcseyin Memi\u015fo\u011flu, &#8220;T\u00fcrkiye genelinde ise 9. s\u0131radaki yerimizi koruyoruz. Ocak-Kas\u0131m d\u00f6neminde ise Denizli ihracat\u0131 y\u00fczde 6,1 art\u0131\u015fla 4 milyar 275 milyon dolar olarak ger\u00e7ekle\u015fti. Denizli\u2019nin k\u00f6kl\u00fc \u00fcretim g\u00fcc\u00fc, sekt\u00f6rel \u00e7e\u015fitlili\u011fi ve ihracat\u00e7\u0131lar\u0131m\u0131z\u0131n de\u011fi\u015fen k\u00fcresel \u015fartlara an\u0131nda uyum sa\u011flayan dinamizmi, bu performans\u0131n en \u00f6nemli g\u00fc\u00e7lerinden olmaya devam ediyor. K\u00fcresel ekonomideki dalgalanmalar ve zorlu piyasa \u015fartlar\u0131na ra\u011fmen, y\u0131l ba\u015f\u0131nda koydu\u011fumuz 4,7 milyar dolarl\u0131k ihracat hedefimiz i\u00e7in art\u0131k son d\u00fczl\u00fckteyiz. \u0130hracat\u0131m\u0131z\u0131n her kuru\u015funda eme\u011fi bulunan, Denizli\u2019nin \u00fcr\u00fcnlerini d\u00fcnyaya ta\u015f\u0131yarak bu b\u00fcy\u00fck ba\u015far\u0131ya ortak olan t\u00fcm ihracat\u00e7\u0131lar\u0131m\u0131za te\u015fekk\u00fcrlerimizi sunuyoruz&#8221; dedi.<\/p>\n<p>Kas\u0131m ay\u0131nda Denizli ihracat\u0131nda \u00f6ne \u00e7\u0131kan sekt\u00f6rlere de\u011finen Memi\u015fo\u011flu, &#8220;\u0130limizin tekstil-konfeksiyon ihracat\u0131 y\u00fczde 8,5 azal\u0131\u015fla 110 milyon dolar, elektrik-elektronik ihracat\u0131 y\u00fczde 6,7 azal\u0131\u015fla 76 milyon dolar, demir-demir d\u0131\u015f\u0131 metaller ihracat\u0131 y\u00fczde 13,3 art\u0131\u015fla 55 milyon dolar, tar\u0131m ihracat\u0131 y\u00fczde 8,2 azal\u0131\u015fla 33 milyon dolar, madencilik ihracat\u0131 y\u00fczde 9,9 azal\u0131\u015fla 21 milyon dolar oldu. Kas\u0131m ay\u0131nda dikkat \u00e7eken sekt\u00f6rler tar\u0131m alt gruplar\u0131nda yer ald\u0131. Ya\u015f meyve ve sebze ihracat\u0131nda y\u00fczde 47,4 ile mobilya, ka\u011f\u0131t ve orman \u00fcr\u00fcnlerinde y\u00fczde 37,3 oran\u0131nda art\u0131\u015f kaydedildi&#8221; diye konu\u015ftu.<\/p>\n<p>\u00dclke s\u0131ralamas\u0131nda zirve \u0130ngiltere\u2019nin oldu\u011funu a\u00e7\u0131klayan Memi\u015fo\u011flu, \u015f\u00f6yle konu\u015ftu:<br \/>\n<br \/>\u0130limiz ihracat\u0131nda lider konumda olan \u0130ngiltere\u2019ye ihracat\u0131m\u0131z kas\u0131m ay\u0131nda y\u00fczde 4 art\u0131\u015fla 53 milyon dolar olarak kaydedildi. \u0130limiz ihracat\u0131nda ikinci s\u0131rada yer alan \u0130talya\u2019ya ihracat\u0131m\u0131z y\u00fczde 12,8 art\u0131\u015fla 34 milyon dolar oldu. \u00dc\u00e7\u00fcnc\u00fc s\u0131rada yer alan Almanya\u2019ya ihracat\u0131m\u0131z y\u00fczde 11,1 azal\u0131\u015fla 29 milyon dolar olurken, ard\u0131ndan gelen ABD\u2019ye olan ihracat\u0131m\u0131z y\u00fczde 18,1 azal\u0131\u015fla 26 milyon dolar oldu. \u0130limiz ihracat\u0131nda be\u015finci s\u0131rada bulunan Hollanda\u2019ya ihracat\u0131m\u0131z ise y\u00fczde 33,4 azal\u0131\u015fla 16,7 milyon dolar olarak ger\u00e7ekle\u015fti.&#8221;<br \/><\/p>\n","protected":false},"excerpt":{"rendered":"<p>DEN\u0130ZL\u0130 (\u0130HA) \u2013 Denizli\u2019nin ihracat\u0131 geride kalan Kas\u0131m ay\u0131nda 373 milyon dolar olarak ger\u00e7ekle\u015fti. Kas\u0131m ay\u0131 ihracat rakamlar\u0131 a\u00e7\u0131kland\u0131. \u00dclkemiz ihracat\u0131 kas\u0131mda y\u00fczde 2,2 art\u0131\u015fla 22,7 milyar dolar olarak ger\u00e7ekle\u015fti. T\u0130M taraf\u0131ndan a\u00e7\u0131klanan Denizli ihracat\u0131 kas\u0131m ay\u0131nda y\u00fczde 2,7 azal\u0131\u015fla 373 milyon dolar oldu. Denizli \u0130hracat\u00e7\u0131lar Birli\u011fi\u2019nce kayda al\u0131nan ihracat ise y\u00fczde 7,4 azal\u0131\u015fla 287&#8230;<\/p>\n","protected":false},"author":1,"featured_media":72036,"comment_status":"open","ping_status":"open","sticky":false,"template":"","format":"standard","meta":{"_crdt_document":"","footnotes":""},"categories":[125],"tags":[],"class_list":["post-72035","post","type-post","status-publish","format-standard","has-post-thumbnail","hentry","category-ekonomi"],"_links":{"self":[{"href":"https:\/\/www.egemtv.com\/index.php?rest_route=\/wp\/v2\/posts\/72035","targetHints":{"allow":["GET"]}}],"collection":[{"href":"https:\/\/www.egemtv.com\/index.php?rest_route=\/wp\/v2\/posts"}],"about":[{"href":"https:\/\/www.egemtv.com\/index.php?rest_route=\/wp\/v2\/types\/post"}],"author":[{"embeddable":true,"href":"https:\/\/www.egemtv.com\/index.php?rest_route=\/wp\/v2\/users\/1"}],"replies":[{"embeddable":true,"href":"https:\/\/www.egemtv.com\/index.php?rest_route=%2Fwp%2Fv2%2Fcomments&post=72035"}],"version-history":[{"count":1,"href":"https:\/\/www.egemtv.com\/index.php?rest_route=\/wp\/v2\/posts\/72035\/revisions"}],"predecessor-version":[{"id":72037,"href":"https:\/\/www.egemtv.com\/index.php?rest_route=\/wp\/v2\/posts\/72035\/revisions\/72037"}],"wp:featuredmedia":[{"embeddable":true,"href":"https:\/\/www.egemtv.com\/index.php?rest_route=\/wp\/v2\/media\/72036"}],"wp:attachment":[{"href":"https:\/\/www.egemtv.com\/index.php?rest_route=%2Fwp%2Fv2%2Fmedia&parent=72035"}],"wp:term":[{"taxonomy":"category","embeddable":true,"href":"https:\/\/www.egemtv.com\/index.php?rest_route=%2Fwp%2Fv2%2Fcategories&post=72035"},{"taxonomy":"post_tag","embeddable":true,"href":"https:\/\/www.egemtv.com\/index.php?rest_route=%2Fwp%2Fv2%2Ftags&post=72035"}],"curies":[{"name":"wp","href":"https:\/\/api.w.org\/{rel}","templated":true}]}}