{"id":72032,"date":"2025-12-04T15:55:54","date_gmt":"2025-12-04T12:55:54","guid":{"rendered":"https:\/\/www.egemtv.com\/?p=72032"},"modified":"2025-12-04T15:55:55","modified_gmt":"2025-12-04T12:55:55","slug":"cesmede-motosiklet-kazasi-1-olu-1-yarali","status":"publish","type":"post","link":"https:\/\/www.egemtv.com\/?p=72032","title":{"rendered":"\u00c7e\u015fme\u2019de motosiklet kazas\u0131: 1 \u00f6l\u00fc, 1 yaral\u0131"},"content":{"rendered":"<p>\u0130zmir\u2019in \u00c7e\u015fme il\u00e7esinde hafif ticari ara\u00e7la \u00e7arp\u0131\u015fan motosiklet s\u00fcr\u00fcc\u00fcs\u00fc hayat\u0131n\u0131 kaybederken, arkada oturan 1 ki\u015fi de yaraland\u0131.<br \/>\n<br \/>Kaza, bug\u00fcn saat 14.30 s\u0131ralar\u0131nda meydana geldi. Edinilen bilgiye g\u00f6re, Samet Kilci y\u00f6netimindeki plakas\u0131z motosiklet \u00c7e\u015fme-Dalyan yolunda Hakan Karal\u0131o\u011flu y\u00f6netimindeki 17 AAJ 454 plakal\u0131 hafif ticari ara\u00e7 ile \u00e7arp\u0131\u015ft\u0131. Kazada yola savrulan motosiklet s\u00fcr\u00fcc\u00fcs\u00fc Samet Kilci olay yerinde hayat\u0131n\u0131 kaybetti. Arkas\u0131nda yolcu olarak bulunan Mustafa Dalg\u0131\u00e7 ise yaraland\u0131. Dalg\u0131\u00e7 olay yerinde sa\u011fl\u0131k g\u00f6revlilerince yap\u0131lan ilk m\u00fcdahalenin ard\u0131ndan ambulansla hastaneye kald\u0131r\u0131ld\u0131.<br \/>\n<br \/>Kazayla ilgili inceleme s\u00fcr\u00fcyor.<br \/><\/p>\n","protected":false},"excerpt":{"rendered":"<p>\u0130zmir\u2019in \u00c7e\u015fme il\u00e7esinde hafif ticari ara\u00e7la \u00e7arp\u0131\u015fan motosiklet s\u00fcr\u00fcc\u00fcs\u00fc hayat\u0131n\u0131 kaybederken, arkada oturan 1 ki\u015fi de yaraland\u0131. Kaza, bug\u00fcn saat 14.30 s\u0131ralar\u0131nda meydana geldi. Edinilen bilgiye g\u00f6re, Samet Kilci y\u00f6netimindeki plakas\u0131z motosiklet \u00c7e\u015fme-Dalyan yolunda Hakan Karal\u0131o\u011flu y\u00f6netimindeki 17 AAJ 454 plakal\u0131 hafif ticari ara\u00e7 ile \u00e7arp\u0131\u015ft\u0131. Kazada yola savrulan motosiklet s\u00fcr\u00fcc\u00fcs\u00fc Samet Kilci olay yerinde&#8230;<\/p>\n","protected":false},"author":1,"featured_media":72033,"comment_status":"open","ping_status":"open","sticky":false,"template":"","format":"standard","meta":{"_crdt_document":"","footnotes":""},"categories":[5],"tags":[],"class_list":["post-72032","post","type-post","status-publish","format-standard","has-post-thumbnail","hentry","category-asayis"],"_links":{"self":[{"href":"https:\/\/www.egemtv.com\/index.php?rest_route=\/wp\/v2\/posts\/72032","targetHints":{"allow":["GET"]}}],"collection":[{"href":"https:\/\/www.egemtv.com\/index.php?rest_route=\/wp\/v2\/posts"}],"about":[{"href":"https:\/\/www.egemtv.com\/index.php?rest_route=\/wp\/v2\/types\/post"}],"author":[{"embeddable":true,"href":"https:\/\/www.egemtv.com\/index.php?rest_route=\/wp\/v2\/users\/1"}],"replies":[{"embeddable":true,"href":"https:\/\/www.egemtv.com\/index.php?rest_route=%2Fwp%2Fv2%2Fcomments&post=72032"}],"version-history":[{"count":1,"href":"https:\/\/www.egemtv.com\/index.php?rest_route=\/wp\/v2\/posts\/72032\/revisions"}],"predecessor-version":[{"id":72034,"href":"https:\/\/www.egemtv.com\/index.php?rest_route=\/wp\/v2\/posts\/72032\/revisions\/72034"}],"wp:featuredmedia":[{"embeddable":true,"href":"https:\/\/www.egemtv.com\/index.php?rest_route=\/wp\/v2\/media\/72033"}],"wp:attachment":[{"href":"https:\/\/www.egemtv.com\/index.php?rest_route=%2Fwp%2Fv2%2Fmedia&parent=72032"}],"wp:term":[{"taxonomy":"category","embeddable":true,"href":"https:\/\/www.egemtv.com\/index.php?rest_route=%2Fwp%2Fv2%2Fcategories&post=72032"},{"taxonomy":"post_tag","embeddable":true,"href":"https:\/\/www.egemtv.com\/index.php?rest_route=%2Fwp%2Fv2%2Ftags&post=72032"}],"curies":[{"name":"wp","href":"https:\/\/api.w.org\/{rel}","templated":true}]}}