{"id":72029,"date":"2025-12-04T15:55:53","date_gmt":"2025-12-04T12:55:53","guid":{"rendered":"https:\/\/www.egemtv.com\/?p=72029"},"modified":"2025-12-04T15:55:54","modified_gmt":"2025-12-04T12:55:54","slug":"muglada-engelsiz-yasam-platformu-toplantisi","status":"publish","type":"post","link":"https:\/\/www.egemtv.com\/?p=72029","title":{"rendered":"Mu\u011fla\u2019da Engelsiz Ya\u015fam Platformu toplant\u0131s\u0131"},"content":{"rendered":"<p>3 Aral\u0131k D\u00fcnya Engelliler G\u00fcn\u00fc kapsam\u0131nda, Mu\u011fla Engelsiz Ya\u015fam Platformu \u0130sti\u015fare Toplant\u0131s\u0131 T\u00fcrkan Saylan \u00c7a\u011fda\u015f Ya\u015fam Merkezi\u2019nde ger\u00e7ekle\u015ftirildi. Toplant\u0131, K\u0131y\u0131 Ege Belediyeler Birli\u011fi ve Mu\u011fla B\u00fcy\u00fck\u015fehir Belediye Ba\u015fkan\u0131 Ahmet Aras\u2019\u0131n kat\u0131l\u0131m\u0131yla d\u00fczenlenirken, engelli bireylerin kent ya\u015fam\u0131na tam ve e\u015fit kat\u0131l\u0131m\u0131n\u0131 g\u00fc\u00e7lendirmeye y\u00f6nelik \u00f6nemli de\u011ferlendirmeler yap\u0131ld\u0131.<br \/>\n<br \/>Programa K\u0131y\u0131 Ege Belediyeler Birli\u011fi ve Mu\u011fla B\u00fcy\u00fck\u015fehir Belediye Ba\u015fkan\u0131 Ahmet Aras, Mente\u015fe Belediye Ba\u015fkan\u0131 Gonca K\u00f6ksal Aras, 36 kamu kurumu temsilcisi 28 dernek temsilcisi muhtarlar ve vatanda\u015flar kat\u0131ld\u0131.<br \/>\n<br \/>Engelsiz Ya\u015fam Platformu Kurucu ve Engelim Olmay\u0131n Derne\u011fi Ba\u015fkan\u0131 Dilek D\u00fcndar &#8220;Engelsiz Ya\u015fam Platformu\u2019nu Avrupa Birli\u011fi projesi kapsam\u0131nda kurduk ve Mu\u011fla B\u00fcy\u00fck\u015fehir Belediyesi bu s\u00fcrecin en \u00f6nemli payda\u015flar\u0131ndan biri oldu. B\u00fcy\u00fck\u015fehir Belediyesi\u2019nin deste\u011fiyle \u00e7al\u0131\u015fmalar\u0131m\u0131z\u0131 s\u00fcrd\u00fcr\u00fcyoruz. Desteklerini bizlerden esirgemeyen Mu\u011fla B\u00fcy\u00fck\u015fehir Belediye Ba\u015fkan\u0131m\u0131z Ahmet Aras\u2019a platformumuz ad\u0131na te\u015fekk\u00fcr ediyorum&#8221;<br \/>\n<br \/>Pa\u015fal\u0131: &#8220;Eri\u015filebilirlik temel bir insan hakk\u0131d\u0131r&#8221;<br \/>\n<br \/>Mu\u011fla B\u00fcy\u00fck\u015fehir Belediyesi Sa\u011fl\u0131k ve Sosyal Hizmetler Dairesi Ba\u015fkan\u0131 \u00dcnsal Pa\u015fal\u0131, &#8220;Engelsiz Kent Mu\u011fla&#8221; vizyonu do\u011frultusunda \u00e7al\u0131\u015fmalar\u0131n s\u00fcrd\u00fc\u011f\u00fcn\u00fc belirterek, eri\u015filebilirli\u011fin yaln\u0131zca bir hizmet standard\u0131 de\u011fil, temel bir insan hakk\u0131 oldu\u011funun belirtti. Pa\u015fal\u0131, t\u00fcm bireylerin kent ya\u015fam\u0131na e\u015fit ve ba\u011f\u0131ms\u0131z bi\u00e7imde kat\u0131labilmesini sa\u011flaman\u0131n yerel y\u00f6netimlerin en \u00f6nemli sorumluluklar\u0131ndan biri oldu\u011funu vurgulad\u0131.<br \/>\n<br \/>Gonca K\u00f6ksal Aras: &#8220;Sorunlar\u0131 birlikte a\u015fabiliriz&#8221;<br \/>\n<br \/>Mente\u015fe Belediye Ba\u015fkan\u0131 Gonca K\u00f6ksal Aras, toplant\u0131da yapt\u0131\u011f\u0131 konu\u015fmada ortak akl\u0131n \u00f6nemine dikkat \u00e7ekerek, &#8220;Engellilik yaln\u0131zca bireyin ya da ailenin de\u011fil, t\u00fcm toplumun ortak sorumlulu\u011fudur. Bug\u00fcn burada sorunlar\u0131 birlikte konu\u015fuyor, birlikte \u00e7\u00f6z\u00fcm \u00fcretiyoruz&#8221; dedi.<br \/>\n<br \/>Ba\u015fkan Aras: &#8220;Topluma e\u015fitlik temelinden bak\u0131yoruz&#8221;<br \/>\n<br \/>K\u0131y\u0131 Ege Belediyeler Birli\u011fi ve Mu\u011fla B\u00fcy\u00fck\u015fehir Belediye Ba\u015fkan\u0131 Ahmet Aras  toplumun t\u00fcm kesimlerine e\u015fit mesafede durman\u0131n yerel y\u00f6netimlerin temel g\u00f6revi oldu\u011funu ifade ederek \u015funlar\u0131 s\u00f6yledi: &#8220;vatanda\u015flar\u0131m\u0131za t\u00fcm alanlarda e\u015fit ya\u015fam \u015fartlar\u0131n\u0131 sa\u011flamak zorunday\u0131z. Yerel y\u00f6netim olarak bizim g\u00f6revimiz eri\u015filebilir engelsiz bir Mu\u011fla in\u015fa etmek. Engelsiz Ya\u015fam Platformu bu anlamda \u00e7ok de\u011ferli bir i\u015flev g\u00f6r\u00fcyor. Engelsiz Ya\u015fam Platformu; farkl\u0131 ihtiya\u00e7lara sahip vatanda\u015flar\u0131m\u0131z\u0131n, ailelerin, sivil toplumun, uzmanlar\u0131n ve belediyemizin ayn\u0131 masada bulu\u015ftu\u011fu b\u00fcy\u00fck bir ortak \u00fcretim alan\u0131d\u0131r. Bu platform; yaln\u0131zca sorunlar\u0131 konu\u015fmak i\u00e7in de\u011fil, \u00e7\u00f6z\u00fcm\u00fc birlikte kurmak i\u00e7in var. Bizim g\u00f6revimiz \u00f6nce dinlemek; bu masalarda dile getirilen her ele\u015ftiri ve \u00f6neri bizim i\u00e7in yol g\u00f6stericidir.  Engelsiz bir kent hedefi do\u011frultusunda t\u00fcm \u00e7al\u0131\u015fmalar\u0131m\u0131z\u0131 bu g\u00f6r\u00fc\u015f ve \u00f6neriler \u0131\u015f\u0131\u011f\u0131nda \u015fekillendiriyoruz. Bu anlay\u0131\u015fla yeni yap\u0131lacak belediye hizmet binalar\u0131m\u0131z\u0131n t\u00fcm vatanda\u015flar\u0131m\u0131z i\u00e7in tam eri\u015filebilir olacak \u015fekilde tasarlayaca\u011f\u0131z&#8221;<br \/><\/p>\n","protected":false},"excerpt":{"rendered":"<p>3 Aral\u0131k D\u00fcnya Engelliler G\u00fcn\u00fc kapsam\u0131nda, Mu\u011fla Engelsiz Ya\u015fam Platformu \u0130sti\u015fare Toplant\u0131s\u0131 T\u00fcrkan Saylan \u00c7a\u011fda\u015f Ya\u015fam Merkezi\u2019nde ger\u00e7ekle\u015ftirildi. Toplant\u0131, K\u0131y\u0131 Ege Belediyeler Birli\u011fi ve Mu\u011fla B\u00fcy\u00fck\u015fehir Belediye Ba\u015fkan\u0131 Ahmet Aras\u2019\u0131n kat\u0131l\u0131m\u0131yla d\u00fczenlenirken, engelli bireylerin kent ya\u015fam\u0131na tam ve e\u015fit kat\u0131l\u0131m\u0131n\u0131 g\u00fc\u00e7lendirmeye y\u00f6nelik \u00f6nemli de\u011ferlendirmeler yap\u0131ld\u0131. Programa K\u0131y\u0131 Ege Belediyeler Birli\u011fi ve Mu\u011fla B\u00fcy\u00fck\u015fehir Belediye Ba\u015fkan\u0131&#8230;<\/p>\n","protected":false},"author":1,"featured_media":72030,"comment_status":"open","ping_status":"open","sticky":false,"template":"","format":"standard","meta":{"_crdt_document":"","footnotes":""},"categories":[123],"tags":[],"class_list":["post-72029","post","type-post","status-publish","format-standard","has-post-thumbnail","hentry","category-gundem"],"_links":{"self":[{"href":"https:\/\/www.egemtv.com\/index.php?rest_route=\/wp\/v2\/posts\/72029","targetHints":{"allow":["GET"]}}],"collection":[{"href":"https:\/\/www.egemtv.com\/index.php?rest_route=\/wp\/v2\/posts"}],"about":[{"href":"https:\/\/www.egemtv.com\/index.php?rest_route=\/wp\/v2\/types\/post"}],"author":[{"embeddable":true,"href":"https:\/\/www.egemtv.com\/index.php?rest_route=\/wp\/v2\/users\/1"}],"replies":[{"embeddable":true,"href":"https:\/\/www.egemtv.com\/index.php?rest_route=%2Fwp%2Fv2%2Fcomments&post=72029"}],"version-history":[{"count":1,"href":"https:\/\/www.egemtv.com\/index.php?rest_route=\/wp\/v2\/posts\/72029\/revisions"}],"predecessor-version":[{"id":72031,"href":"https:\/\/www.egemtv.com\/index.php?rest_route=\/wp\/v2\/posts\/72029\/revisions\/72031"}],"wp:featuredmedia":[{"embeddable":true,"href":"https:\/\/www.egemtv.com\/index.php?rest_route=\/wp\/v2\/media\/72030"}],"wp:attachment":[{"href":"https:\/\/www.egemtv.com\/index.php?rest_route=%2Fwp%2Fv2%2Fmedia&parent=72029"}],"wp:term":[{"taxonomy":"category","embeddable":true,"href":"https:\/\/www.egemtv.com\/index.php?rest_route=%2Fwp%2Fv2%2Fcategories&post=72029"},{"taxonomy":"post_tag","embeddable":true,"href":"https:\/\/www.egemtv.com\/index.php?rest_route=%2Fwp%2Fv2%2Ftags&post=72029"}],"curies":[{"name":"wp","href":"https:\/\/api.w.org\/{rel}","templated":true}]}}