{"id":72023,"date":"2025-12-04T15:34:57","date_gmt":"2025-12-04T12:34:57","guid":{"rendered":"https:\/\/www.egemtv.com\/?p=72023"},"modified":"2025-12-04T15:34:57","modified_gmt":"2025-12-04T12:34:57","slug":"62-yasinda-25-saatte-102-kilometre-yurudu","status":"publish","type":"post","link":"https:\/\/www.egemtv.com\/?p=72023","title":{"rendered":"62 ya\u015f\u0131nda, 25 saatte 102 kilometre y\u00fcr\u00fcd\u00fc"},"content":{"rendered":"<p>Ye\u015filay Bodrum temsilcisi Kaan Toker, Cumhuriyetin 102\u2019nci y\u0131l\u0131na atfen 25 saat boyunca durmaks\u0131z\u0131n y\u00fcr\u00fcyerek 102 kilometrelik sembolik parkuru tamamlad\u0131.<\/p>\n<p>Toker, sabah\u0131n ilk \u0131\u015f\u0131klar\u0131ndan itibaren \u00e7\u0131kt\u0131\u011f\u0131 parkurda yaln\u0131zca k\u0131sa molalar verdi ve  maratonu geride b\u0131rakt\u0131. Yakla\u015f\u0131k 40\u2019\u0131nc\u0131 kilometrede a\u011f\u0131r yorgunluk ya\u015fayan Toker\u2019, askerlik arkada\u015f\u0131 Hasan Danac\u0131 da parkura kat\u0131larak destek verdi.<\/p>\n<p>Turgutreis-Kad\u0131kalesi hatt\u0131 \u00fczerinde 15 kilometrelik g\u00fczergahta alt\u0131 kez gidip gelerek mesafeyi tamamlayan Toker, son ad\u0131m\u0131 Turgutreis Meydan\u0131\u2019nda atarak sembolik hedefini ger\u00e7ekle\u015ftirdi.<\/p>\n<p>Etkinli\u011fi izleyenler ve destek verenler, Toker\u2019in yorulsa da pes etmeyi\u015fini takdirle kar\u015f\u0131lad\u0131.<\/p>\n<p>Toker, gazetecilere yapt\u0131\u011f\u0131 a\u00e7\u0131klamada, y\u00fcr\u00fcy\u00fc\u015fe ba\u015flad\u0131ktan sonra 40. kilometrede zorland\u0131\u011f\u0131n\u0131, y\u00fcr\u00fcy\u00fc\u015f yapt\u0131\u011f\u0131 s\u0131rada duran asker arkada\u015f\u0131n\u0131n kendisine e\u015flik etmeye geldi\u011fini s\u00f6yledi. Geri kalan yolu birlikte tamamlad\u0131klar\u0131n\u0131 belirten Toker, &#8220;Onunla birlikte askerlik hat\u0131ralar\u0131m\u0131z\u0131 canland\u0131rd\u0131k, bu da bana y\u00fcr\u00fcy\u00fc\u015fte g\u00fc\u00e7 verdi. Annem yak\u0131n zamanda vefat etmi\u015fti, onu d\u00fc\u015f\u00fcnerek y\u00fcr\u00fcy\u00fc\u015f\u00fcm\u00fc ba\u015far\u0131yla tamamlad\u0131m. Amac\u0131m\u0131z Cumhuriyetimizin 102\u2019nci y\u0131l\u0131nda fark\u0131ndal\u0131k olu\u015fturmak ve Bodrum\u2019da kurulmas\u0131 planlanan ba\u011f\u0131ml\u0131lar\u0131n tedavi g\u00f6rd\u00fc\u011f\u00fc Ye\u015filay Dan\u0131\u015fmanl\u0131k Merkezi\u2019ni il\u00e7emize kazand\u0131rmak. Bu projeyi kaymakam\u0131m\u0131z da destekliyor&#8221; ifadesini kulland\u0131.<\/p>\n<p>Askerlik yapt\u0131\u011f\u0131 1987 y\u0131l\u0131nda gazi olan Hasan Danac\u0131 ise, arkada\u015f\u0131na y\u00fcr\u00fcy\u00fc\u015fte 62 kilometre e\u015flik etti\u011fini ve bundan b\u00fcy\u00fck memnuniyet duydu\u011funu belirtti.<\/p>\n<p>\u0130l\u00e7e Gen\u00e7lik ve Spor M\u00fcd\u00fcr\u00fc Oktay Dumruk, iki asker arkada\u015f\u0131n zorlu \u015fartlarda 29 saatte tamamlamay\u0131 hedefledikleri y\u00fcr\u00fcy\u00fc\u015f\u00fc 25 saatte bitirdiklerini belirterek azim ve kararl\u0131l\u0131klar\u0131ndan dolay\u0131 ikisini de tebrik etti.<br \/><\/p>\n","protected":false},"excerpt":{"rendered":"<p>Ye\u015filay Bodrum temsilcisi Kaan Toker, Cumhuriyetin 102\u2019nci y\u0131l\u0131na atfen 25 saat boyunca durmaks\u0131z\u0131n y\u00fcr\u00fcyerek 102 kilometrelik sembolik parkuru tamamlad\u0131. Toker, sabah\u0131n ilk \u0131\u015f\u0131klar\u0131ndan itibaren \u00e7\u0131kt\u0131\u011f\u0131 parkurda yaln\u0131zca k\u0131sa molalar verdi ve maratonu geride b\u0131rakt\u0131. Yakla\u015f\u0131k 40\u2019\u0131nc\u0131 kilometrede a\u011f\u0131r yorgunluk ya\u015fayan Toker\u2019, askerlik arkada\u015f\u0131 Hasan Danac\u0131 da parkura kat\u0131larak destek verdi. Turgutreis-Kad\u0131kalesi hatt\u0131 \u00fczerinde 15 kilometrelik&#8230;<\/p>\n","protected":false},"author":1,"featured_media":72024,"comment_status":"open","ping_status":"open","sticky":false,"template":"","format":"standard","meta":{"_crdt_document":"","footnotes":""},"categories":[123],"tags":[],"class_list":["post-72023","post","type-post","status-publish","format-standard","has-post-thumbnail","hentry","category-gundem"],"_links":{"self":[{"href":"https:\/\/www.egemtv.com\/index.php?rest_route=\/wp\/v2\/posts\/72023","targetHints":{"allow":["GET"]}}],"collection":[{"href":"https:\/\/www.egemtv.com\/index.php?rest_route=\/wp\/v2\/posts"}],"about":[{"href":"https:\/\/www.egemtv.com\/index.php?rest_route=\/wp\/v2\/types\/post"}],"author":[{"embeddable":true,"href":"https:\/\/www.egemtv.com\/index.php?rest_route=\/wp\/v2\/users\/1"}],"replies":[{"embeddable":true,"href":"https:\/\/www.egemtv.com\/index.php?rest_route=%2Fwp%2Fv2%2Fcomments&post=72023"}],"version-history":[{"count":1,"href":"https:\/\/www.egemtv.com\/index.php?rest_route=\/wp\/v2\/posts\/72023\/revisions"}],"predecessor-version":[{"id":72025,"href":"https:\/\/www.egemtv.com\/index.php?rest_route=\/wp\/v2\/posts\/72023\/revisions\/72025"}],"wp:featuredmedia":[{"embeddable":true,"href":"https:\/\/www.egemtv.com\/index.php?rest_route=\/wp\/v2\/media\/72024"}],"wp:attachment":[{"href":"https:\/\/www.egemtv.com\/index.php?rest_route=%2Fwp%2Fv2%2Fmedia&parent=72023"}],"wp:term":[{"taxonomy":"category","embeddable":true,"href":"https:\/\/www.egemtv.com\/index.php?rest_route=%2Fwp%2Fv2%2Fcategories&post=72023"},{"taxonomy":"post_tag","embeddable":true,"href":"https:\/\/www.egemtv.com\/index.php?rest_route=%2Fwp%2Fv2%2Ftags&post=72023"}],"curies":[{"name":"wp","href":"https:\/\/api.w.org\/{rel}","templated":true}]}}