{"id":72020,"date":"2025-12-04T15:34:56","date_gmt":"2025-12-04T12:34:56","guid":{"rendered":"https:\/\/www.egemtv.com\/?p=72020"},"modified":"2025-12-04T15:34:56","modified_gmt":"2025-12-04T12:34:56","slug":"engelsiz-tatil-yasam-merkezi-ucretsiz-hizmet-verecek","status":"publish","type":"post","link":"https:\/\/www.egemtv.com\/?p=72020","title":{"rendered":"Engelsiz Tatil Ya\u015fam Merkezi \u00fccretsiz hizmet verecek"},"content":{"rendered":"<p>Mu\u011fla\u2019n\u0131n Milas il\u00e7esinde hayata ge\u00e7irilmesi planlanan Engelsiz Tatil Ya\u015fam Merkezi, \u00f6zel gereksinimli ailelere tamamen \u00fccretsiz tatil imk\u00e2n\u0131 sunacak.<\/p>\n<p>Mu\u011fla\u2019n\u0131n Milas il\u00e7esi Bozb\u00fck\u2013\u0130ncekum b\u00f6lgesinde hayata ge\u00e7irilmesi planlanan &#8220;Engelsiz Tatil Ya\u015fam Merkezi&#8221; projesini kamuoyuna tan\u0131tan Sevgi ve Sessizler Spor Kul\u00fcb\u00fc Ba\u015fkan\u0131 Sevil G\u00fcng\u00f6r, \u00f6zel gereksinimli ailelere \u00fccretsiz ve eri\u015filebilir tatil imk\u00e2n\u0131 sa\u011flamay\u0131 hedefleyen projenin yakla\u015f\u0131k 1\u20131,5 y\u0131ld\u0131r \u00fczerinde \u00e7al\u0131\u015ft\u0131\u011f\u0131 ki\u015fisel bir hayal oldu\u011funu belirtti. Projenin, zaman i\u00e7inde dernek ve g\u00f6n\u00fcll\u00fc destekleriyle b\u00fcy\u00fcyerek somut bir yap\u0131ya d\u00f6n\u00fc\u015ft\u00fc\u011f\u00fcn\u00fc ifade eden Ba\u015fkan G\u00fcng\u00f6r,&#8221;Biz \u00f6zel gereksinimli aileler ve \u00e7ocuklar\u0131m\u0131z i\u00e7in hayal kuran ve hayali ger\u00e7ekle\u015ftirmek i\u00e7in m\u00fccadele eden insanlar\u0131z. Bu proje, tatil yapma imk\u00e2n\u0131 bulamayan aileleri y\u0131lda bir\u00e7ok kez a\u011f\u0131rlayaca\u011f\u0131m\u0131z, tamamen \u00fccretsiz bir ya\u015fam alan\u0131 olacak.&#8221; Dedi. G\u00fcng\u00f6r, projenin i\u015f insanlar\u0131ndan sa\u011flanan destekler ve Avrupa Birli\u011fi projeleriyle b\u00fcy\u00fct\u00fclece\u011fini, ard\u0131ndan \u2018Engelsiz Tatil Ya\u015fam Merkezi Vakf\u0131\u2019n\u0131n kurulaca\u011f\u0131n\u0131 duyurdu. Kurulacak vakf\u0131n amac\u0131n\u0131n, her 10\u201315 g\u00fcnde bir 100\u2013150 \u00f6zel gereksinimli aileyi a\u011f\u0131rlayarak tatil imk\u00e2n\u0131 sunmak oldu\u011funu hat\u0131rlatan G\u00fcng\u00f6r, \u2018Ara\u015ft\u0131rmalar\u0131na g\u00f6re \u00f6zel gereksinimli ailelere tamamen \u00fccretsiz tatil sa\u011flayan bir merkez ne T\u00fcrkiye\u2019de ne de Avrupa\u2019da bulunuyor. Bu nedenle tan\u0131t\u0131m\u0131n\u0131 yapt\u0131\u011f\u0131m\u0131z projemiz uluslararas\u0131 \u00f6l\u00e7ekte \u00f6nc\u00fc bir nitelik ta\u015f\u0131yor. Merkezin ba\u015far\u0131l\u0131 olmas\u0131 halinde ikinci ve \u00fc\u00e7\u00fcnc\u00fc merkezlerin de kurulmas\u0131 i\u00e7in yerler belirlendi&#8221; dedi.<\/p>\n<p>Proje kapsam\u0131nda Milas Bozb\u00fck\u2013\u0130ncekum\u2019da bulunan 5 parsel \u00fczerine yerle\u015fim plan\u0131 olu\u015fturuldu\u011funu ve Milas Belediyesi\u2019ne ait bir parselin de projeye dahil edilebilece\u011fi belirten G\u00fcng\u00f6r, &#8220;\u00c7izilen ilk avan projeye g\u00f6re, en az 40\u201350 Tiny House yap\u0131lmas\u0131 hedefleniyor. A\u011f\u0131r engelli bireyler i\u00e7in tek ailelik, di\u011fer durumlarda \u00e7ift ailelik konaklama se\u00e7enekleri sunulacak. Toplam 5\u20136 d\u00f6n\u00fcml\u00fck bir alanda sosyal tesisler, lavabolar, du\u015f alanlar\u0131, yemek salonu, sosyal etkinlik odalar\u0131 ve a\u00e7\u0131k alan etkinlikleri yer alacak. Merkez sadece tatil de\u011fil, ayn\u0131 zamanda \u00f6zel gereksinimli bireylere istihdam f\u0131rsat\u0131 da sunacak. Sahil kenar\u0131nda, engelli bireylerimizin \u00e7al\u0131\u015fabilece\u011fi bir b\u00fcfe kurmay\u0131 planl\u0131yoruz. Down sendromlu, otizmli ya da ortopedik engelli gen\u00e7lerimiz burada \u00e7al\u0131\u015fabilecek. 15 g\u00fcnde bir gelen aileler aras\u0131ndan \u00e7al\u0131\u015fmak isteyen gen\u00e7lerimizi se\u00e7ece\u011fiz. \u00c7al\u0131\u015fan gen\u00e7lerin kazan\u00e7lar\u0131, giderler \u00e7\u0131kt\u0131ktan sonra tamamen kendilerine verilecek. Bu merkez engellilere y\u0131l boyunca nefes alabilece\u011fi bir yuva olacak. Umuyorum ki hep birlikte bu hayali ger\u00e7e\u011fe d\u00f6n\u00fc\u015ft\u00fcrece\u011fiz. Engelsiz Tatil Ya\u015fam Merkezi&#8221; projesi, hem b\u00f6lgeye sosyal bir de\u011fer katmas\u0131 hem de \u00f6zel gereksinimli bireyler i\u00e7in tamamen \u00fccretsiz bir ya\u015fam alan\u0131 olu\u015fturmas\u0131 a\u00e7\u0131s\u0131ndan b\u00fcy\u00fck bir \u00f6nem ta\u015f\u0131yor&#8221; dedi.<br \/><\/p>\n","protected":false},"excerpt":{"rendered":"<p>Mu\u011fla\u2019n\u0131n Milas il\u00e7esinde hayata ge\u00e7irilmesi planlanan Engelsiz Tatil Ya\u015fam Merkezi, \u00f6zel gereksinimli ailelere tamamen \u00fccretsiz tatil imk\u00e2n\u0131 sunacak. Mu\u011fla\u2019n\u0131n Milas il\u00e7esi Bozb\u00fck\u2013\u0130ncekum b\u00f6lgesinde hayata ge\u00e7irilmesi planlanan &#8220;Engelsiz Tatil Ya\u015fam Merkezi&#8221; projesini kamuoyuna tan\u0131tan Sevgi ve Sessizler Spor Kul\u00fcb\u00fc Ba\u015fkan\u0131 Sevil G\u00fcng\u00f6r, \u00f6zel gereksinimli ailelere \u00fccretsiz ve eri\u015filebilir tatil imk\u00e2n\u0131 sa\u011flamay\u0131 hedefleyen projenin yakla\u015f\u0131k 1\u20131,5 y\u0131ld\u0131r&#8230;<\/p>\n","protected":false},"author":1,"featured_media":72021,"comment_status":"open","ping_status":"open","sticky":false,"template":"","format":"standard","meta":{"_crdt_document":"","footnotes":""},"categories":[123],"tags":[],"class_list":["post-72020","post","type-post","status-publish","format-standard","has-post-thumbnail","hentry","category-gundem"],"_links":{"self":[{"href":"https:\/\/www.egemtv.com\/index.php?rest_route=\/wp\/v2\/posts\/72020","targetHints":{"allow":["GET"]}}],"collection":[{"href":"https:\/\/www.egemtv.com\/index.php?rest_route=\/wp\/v2\/posts"}],"about":[{"href":"https:\/\/www.egemtv.com\/index.php?rest_route=\/wp\/v2\/types\/post"}],"author":[{"embeddable":true,"href":"https:\/\/www.egemtv.com\/index.php?rest_route=\/wp\/v2\/users\/1"}],"replies":[{"embeddable":true,"href":"https:\/\/www.egemtv.com\/index.php?rest_route=%2Fwp%2Fv2%2Fcomments&post=72020"}],"version-history":[{"count":1,"href":"https:\/\/www.egemtv.com\/index.php?rest_route=\/wp\/v2\/posts\/72020\/revisions"}],"predecessor-version":[{"id":72022,"href":"https:\/\/www.egemtv.com\/index.php?rest_route=\/wp\/v2\/posts\/72020\/revisions\/72022"}],"wp:featuredmedia":[{"embeddable":true,"href":"https:\/\/www.egemtv.com\/index.php?rest_route=\/wp\/v2\/media\/72021"}],"wp:attachment":[{"href":"https:\/\/www.egemtv.com\/index.php?rest_route=%2Fwp%2Fv2%2Fmedia&parent=72020"}],"wp:term":[{"taxonomy":"category","embeddable":true,"href":"https:\/\/www.egemtv.com\/index.php?rest_route=%2Fwp%2Fv2%2Fcategories&post=72020"},{"taxonomy":"post_tag","embeddable":true,"href":"https:\/\/www.egemtv.com\/index.php?rest_route=%2Fwp%2Fv2%2Ftags&post=72020"}],"curies":[{"name":"wp","href":"https:\/\/api.w.org\/{rel}","templated":true}]}}