{"id":72017,"date":"2025-12-04T15:14:55","date_gmt":"2025-12-04T12:14:55","guid":{"rendered":"https:\/\/www.egemtv.com\/?p=72017"},"modified":"2025-12-04T15:14:56","modified_gmt":"2025-12-04T12:14:56","slug":"soke-belediye-baskani-arikan-mhp-ilce-teskilati-ile-bir-araya-geldi","status":"publish","type":"post","link":"https:\/\/www.egemtv.com\/?p=72017","title":{"rendered":"S\u00f6ke Belediye Ba\u015fkan\u0131 Ar\u0131kan, MHP \u0130l\u00e7e Te\u015fkilat\u0131 ile bir araya geldi"},"content":{"rendered":"<p>S\u00f6ke Belediye Ba\u015fkan\u0131 Dr. Mustafa \u0130berya Ar\u0131kan, Milliyet\u00e7i Hareket Partisi (MHP) S\u00f6ke \u0130l\u00e7e Ba\u015fkan\u0131 G\u00fcrhan Sel\u00e7uk ve il\u00e7e y\u00f6netimine hay\u0131rl\u0131 olsun ziyaretinde bulundu.<\/p>\n<p>Ziyarette Belediye Ba\u015fkan Yard\u0131mc\u0131lar\u0131 Necmettin Aka ve Murat G\u00fcnal ile birlikte Meclis \u00dcyeleri \u015eakir G\u00fclmez, \u00d6mer Akal\u0131n ve Muzaffer Gacar da yer ald\u0131.<\/p>\n<p>Ba\u015fkan Ar\u0131kan, MHP S\u00f6ke \u0130l\u00e7e Ba\u015fkan\u0131 G\u00fcrhan Sel\u00e7uk ve y\u00f6netimine yeni g\u00f6revlerinde ba\u015far\u0131lar dileyerek, il\u00e7eye hizmet noktas\u0131nda birlikte \u00e7al\u0131\u015fman\u0131n \u00f6nemine vurgu yapt\u0131.<\/p>\n<p>S\u00f6ke MHP \u0130l\u00e7e Ba\u015fkan\u0131 G\u00fcrhan Sel\u00e7uk, ziyaretten duydu\u011fu memnuniyeti ifade etti, birlik ve dayan\u0131\u015fma i\u00e7erisinde \u00e7al\u0131\u015facaklar\u0131n\u0131 dile getirdi.<br \/><\/p>\n","protected":false},"excerpt":{"rendered":"<p>S\u00f6ke Belediye Ba\u015fkan\u0131 Dr. Mustafa \u0130berya Ar\u0131kan, Milliyet\u00e7i Hareket Partisi (MHP) S\u00f6ke \u0130l\u00e7e Ba\u015fkan\u0131 G\u00fcrhan Sel\u00e7uk ve il\u00e7e y\u00f6netimine hay\u0131rl\u0131 olsun ziyaretinde bulundu. Ziyarette Belediye Ba\u015fkan Yard\u0131mc\u0131lar\u0131 Necmettin Aka ve Murat G\u00fcnal ile birlikte Meclis \u00dcyeleri \u015eakir G\u00fclmez, \u00d6mer Akal\u0131n ve Muzaffer Gacar da yer ald\u0131. Ba\u015fkan Ar\u0131kan, MHP S\u00f6ke \u0130l\u00e7e Ba\u015fkan\u0131 G\u00fcrhan Sel\u00e7uk ve&#8230;<\/p>\n","protected":false},"author":1,"featured_media":72018,"comment_status":"open","ping_status":"open","sticky":false,"template":"","format":"standard","meta":{"_crdt_document":"","footnotes":""},"categories":[127],"tags":[],"class_list":["post-72017","post","type-post","status-publish","format-standard","has-post-thumbnail","hentry","category-siyaset"],"_links":{"self":[{"href":"https:\/\/www.egemtv.com\/index.php?rest_route=\/wp\/v2\/posts\/72017","targetHints":{"allow":["GET"]}}],"collection":[{"href":"https:\/\/www.egemtv.com\/index.php?rest_route=\/wp\/v2\/posts"}],"about":[{"href":"https:\/\/www.egemtv.com\/index.php?rest_route=\/wp\/v2\/types\/post"}],"author":[{"embeddable":true,"href":"https:\/\/www.egemtv.com\/index.php?rest_route=\/wp\/v2\/users\/1"}],"replies":[{"embeddable":true,"href":"https:\/\/www.egemtv.com\/index.php?rest_route=%2Fwp%2Fv2%2Fcomments&post=72017"}],"version-history":[{"count":1,"href":"https:\/\/www.egemtv.com\/index.php?rest_route=\/wp\/v2\/posts\/72017\/revisions"}],"predecessor-version":[{"id":72019,"href":"https:\/\/www.egemtv.com\/index.php?rest_route=\/wp\/v2\/posts\/72017\/revisions\/72019"}],"wp:featuredmedia":[{"embeddable":true,"href":"https:\/\/www.egemtv.com\/index.php?rest_route=\/wp\/v2\/media\/72018"}],"wp:attachment":[{"href":"https:\/\/www.egemtv.com\/index.php?rest_route=%2Fwp%2Fv2%2Fmedia&parent=72017"}],"wp:term":[{"taxonomy":"category","embeddable":true,"href":"https:\/\/www.egemtv.com\/index.php?rest_route=%2Fwp%2Fv2%2Fcategories&post=72017"},{"taxonomy":"post_tag","embeddable":true,"href":"https:\/\/www.egemtv.com\/index.php?rest_route=%2Fwp%2Fv2%2Ftags&post=72017"}],"curies":[{"name":"wp","href":"https:\/\/api.w.org\/{rel}","templated":true}]}}