{"id":72011,"date":"2025-12-04T14:55:39","date_gmt":"2025-12-04T11:55:39","guid":{"rendered":"https:\/\/www.egemtv.com\/?p=72011"},"modified":"2025-12-04T14:55:40","modified_gmt":"2025-12-04T11:55:40","slug":"usakta-acil-saglik-hizmetleri-haftasinda-fidanlar-toprakla-bulustu","status":"publish","type":"post","link":"https:\/\/www.egemtv.com\/?p=72011","title":{"rendered":"U\u015fak\u2019ta Acil Sa\u011fl\u0131k Hizmetleri Haftas\u0131\u2019nda fidanlar toprakla bulu\u015ftu"},"content":{"rendered":"<p>U\u015fak\u2019ta 1-7 Aral\u0131k Acil Sa\u011fl\u0131k Hizmetleri Haftas\u0131 kapsam\u0131nda orman yang\u0131n\u0131nda zarar g\u00f6ren b\u00f6lgede fidanlar toprakla bulu\u015ftu.<\/p>\n<p>2024 y\u0131l\u0131nda \u00e7\u0131kan orman yang\u0131n\u0131nda zarar g\u00f6ren K\u00f6pr\u00fcba\u015f\u0131 k\u00f6y\u00fc yak\u0131nlar\u0131nda bulunan ormanl\u0131k alanda d\u00fczenlenen programa U\u015fak Valisi Naci Akta\u015f, U\u015fak Orman \u0130\u015fletme M\u00fcd\u00fcr\u00fc Mustafa Da\u011f\u0131stanl\u0131, \u0130l Sa\u011fl\u0131k M\u00fcd\u00fcr\u00fc Tar\u0131k Acar, kurum m\u00fcd\u00fcrleri, sa\u011fl\u0131k \u00e7al\u0131\u015fanlar\u0131 ve \u00f6\u011frenciler kat\u0131ld\u0131.<\/p>\n<p>&#8220;1-7 Aral\u0131k Acil Sa\u011fl\u0131k Hizmetleri Haftas\u0131&#8221; etkinlikleri \u00e7er\u00e7evesinde U\u015fak \u0130l Sa\u011fl\u0131k M\u00fcd\u00fcrl\u00fc\u011f\u00fc \u00e7al\u0131\u015fanlar\u0131 taraf\u0131ndan ger\u00e7ekle\u015ftirilen fidan dikiminde kat\u0131l\u0131mc\u0131lar, b\u00f6lgenin yeniden ye\u015fertilmesi i\u00e7in bir araya geldi. Vali Akta\u015f, alana gelen \u00f6\u011frenciler ve sa\u011fl\u0131k \u00e7al\u0131\u015fanlar\u0131yla sohbet ederek \u00e7al\u0131\u015fmalar hakk\u0131nda bilgi ald\u0131.<br \/>\n<br \/>Daha sonra protokol \u00fcyeleri ve kat\u0131l\u0131mc\u0131lar birlikte fidan dikimi ger\u00e7ekle\u015ftirilen programda, fidanlar\u0131n dikilmesinin ard\u0131ndan can sular\u0131 verildi.<br \/>\n<br \/>\u00d6te yandan, program kapsam\u0131nda toplam 500 fidan toprakla bulu\u015ftu.<br \/><\/p>\n","protected":false},"excerpt":{"rendered":"<p>U\u015fak\u2019ta 1-7 Aral\u0131k Acil Sa\u011fl\u0131k Hizmetleri Haftas\u0131 kapsam\u0131nda orman yang\u0131n\u0131nda zarar g\u00f6ren b\u00f6lgede fidanlar toprakla bulu\u015ftu. 2024 y\u0131l\u0131nda \u00e7\u0131kan orman yang\u0131n\u0131nda zarar g\u00f6ren K\u00f6pr\u00fcba\u015f\u0131 k\u00f6y\u00fc yak\u0131nlar\u0131nda bulunan ormanl\u0131k alanda d\u00fczenlenen programa U\u015fak Valisi Naci Akta\u015f, U\u015fak Orman \u0130\u015fletme M\u00fcd\u00fcr\u00fc Mustafa Da\u011f\u0131stanl\u0131, \u0130l Sa\u011fl\u0131k M\u00fcd\u00fcr\u00fc Tar\u0131k Acar, kurum m\u00fcd\u00fcrleri, sa\u011fl\u0131k \u00e7al\u0131\u015fanlar\u0131 ve \u00f6\u011frenciler kat\u0131ld\u0131. &#8220;1-7 Aral\u0131k&#8230;<\/p>\n","protected":false},"author":1,"featured_media":72012,"comment_status":"open","ping_status":"open","sticky":false,"template":"","format":"standard","meta":{"_crdt_document":"","footnotes":""},"categories":[1],"tags":[],"class_list":["post-72011","post","type-post","status-publish","format-standard","has-post-thumbnail","hentry","category-guncel"],"_links":{"self":[{"href":"https:\/\/www.egemtv.com\/index.php?rest_route=\/wp\/v2\/posts\/72011","targetHints":{"allow":["GET"]}}],"collection":[{"href":"https:\/\/www.egemtv.com\/index.php?rest_route=\/wp\/v2\/posts"}],"about":[{"href":"https:\/\/www.egemtv.com\/index.php?rest_route=\/wp\/v2\/types\/post"}],"author":[{"embeddable":true,"href":"https:\/\/www.egemtv.com\/index.php?rest_route=\/wp\/v2\/users\/1"}],"replies":[{"embeddable":true,"href":"https:\/\/www.egemtv.com\/index.php?rest_route=%2Fwp%2Fv2%2Fcomments&post=72011"}],"version-history":[{"count":1,"href":"https:\/\/www.egemtv.com\/index.php?rest_route=\/wp\/v2\/posts\/72011\/revisions"}],"predecessor-version":[{"id":72013,"href":"https:\/\/www.egemtv.com\/index.php?rest_route=\/wp\/v2\/posts\/72011\/revisions\/72013"}],"wp:featuredmedia":[{"embeddable":true,"href":"https:\/\/www.egemtv.com\/index.php?rest_route=\/wp\/v2\/media\/72012"}],"wp:attachment":[{"href":"https:\/\/www.egemtv.com\/index.php?rest_route=%2Fwp%2Fv2%2Fmedia&parent=72011"}],"wp:term":[{"taxonomy":"category","embeddable":true,"href":"https:\/\/www.egemtv.com\/index.php?rest_route=%2Fwp%2Fv2%2Fcategories&post=72011"},{"taxonomy":"post_tag","embeddable":true,"href":"https:\/\/www.egemtv.com\/index.php?rest_route=%2Fwp%2Fv2%2Ftags&post=72011"}],"curies":[{"name":"wp","href":"https:\/\/api.w.org\/{rel}","templated":true}]}}