{"id":72008,"date":"2025-12-04T14:55:39","date_gmt":"2025-12-04T11:55:39","guid":{"rendered":"https:\/\/www.egemtv.com\/?p=72008"},"modified":"2025-12-04T14:55:39","modified_gmt":"2025-12-04T11:55:39","slug":"unlu-sanatci-gokhan-turmene-afyonkarahisarda-buyuk-sok","status":"publish","type":"post","link":"https:\/\/www.egemtv.com\/?p=72008","title":{"rendered":"\u00dcnl\u00fc sanat\u00e7\u0131 G\u00f6khan T\u00fcrmen\u2019e Afyonkarahisar\u2019da b\u00fcy\u00fck \u015fok"},"content":{"rendered":"<p>Afyonkarahisar\u2019da bir e\u011flence merkezinde \u00fcnl\u00fc sanat\u00e7\u0131 G\u00f6khan T\u00fcrkmen\u2019in konseri sonras\u0131 ortal\u0131k kar\u0131\u015ft\u0131. T\u00fcrkmen, sosyal medya hesab\u0131ndan yapt\u0131\u011f\u0131 a\u00e7\u0131klamada, &#8220;Bug\u00fcn birbirinden de\u011ferli sevenlerimizi b\u00f6yle sa\u00e7ma ve k\u00f6t\u00fc i\u015fletilen bir yerde a\u011f\u0131rlad\u0131\u011f\u0131m i\u00e7in \u00e7ok \u00fczg\u00fcn\u00fcm. Hakk\u0131n\u0131z\u0131 helal edin&#8221; dedi.<br \/>\n<br \/>Afyonkarahisar\u2019da ge\u00e7ti\u011fimiz aylarda a\u00e7\u0131lan ve ruhsat tart\u0131\u015fmalar\u0131 ile g\u00fcndeme gelen Hayal Kahvesi adl\u0131 i\u015fletme \u015fimdi de konserde ya\u015fanan skandallarla g\u00fcndeme geldi. \u0130\u015fletmenin sahibi H\u00fcseyin B.\u2019nin \u00e7\u0131kan tart\u0131\u015fmada \u00fcnl\u00fc \u015fark\u0131c\u0131 G\u00f6khan T\u00fcrkmen\u2019in e\u015fi ve ayn\u0131 zamanda menajeri olan Sinem T\u00fcrkmen\u2019e hakaret ve k\u00fcf\u00fcr etti\u011fi, T\u00fcrkmen\u2019in de bunun \u00fczerine ya\u015fananlar\u0131 g\u00f6rg\u00fc tan\u0131klar\u0131yla birlikte tutanak alt\u0131na ald\u0131\u011f\u0131 belirtildi. Ya\u015fanan olaylar\u0131n ard\u0131ndan sosyal medya hesab\u0131ndan a\u00e7\u0131klama yapan T\u00fcrkmen, &#8220;Bug\u00fcn birbirinden de\u011ferli sevenlerimizi b\u00f6yle sa\u00e7ma ve k\u00f6t\u00fc i\u015fletilen bir yerde (\u00fcstelik yeni olmas\u0131na ra\u011fmen) a\u011f\u0131rlad\u0131\u011f\u0131m i\u00e7in \u00e7ok \u00fczg\u00fcn\u00fcm. Hakk\u0131n\u0131z\u0131 helal edin. Ger\u00e7ekle\u015fen s\u0131k\u0131nt\u0131lar bizde kals\u0131n, bir daha sizinle beraber bu mekanda olamayaca\u011f\u0131m\u0131z\u0131 \u00fcz\u00fcnt\u00fc ile s\u00f6ylemek zorunday\u0131m. Te\u015fekk\u00fcr ederim, her bir gelen ve e\u015flik eden g\u00fczel seyircim i\u00e7in. Burada sahneye \u00e7\u0131kma ihtimali olan sanat\u00e7\u0131 arkada\u015flar\u0131m i\u00e7in bir uyar\u0131 olsun isterim&#8221; dedi.<br \/>\n<br \/>T\u00fcrkmen, a\u00e7\u0131klamas\u0131na Hayal Kahvesi adl\u0131 i\u015fletmeyi de ekledi. \u00d6te yandan, konsere kat\u0131lan seyirciler kendilerinden al\u0131nan ancak daha sonra iade edilmeyen paralar\u0131n\u0131 istedikleri i\u00e7in s\u0131k\u0131nt\u0131 \u00e7\u0131kt\u0131\u011f\u0131n\u0131 ve T\u00fcrkmen\u2019in e\u015fine k\u00fcf\u00fcr edilmesine tepki g\u00f6sterdiklerini dile getirdiler.<br \/><\/p>\n","protected":false},"excerpt":{"rendered":"<p>Afyonkarahisar\u2019da bir e\u011flence merkezinde \u00fcnl\u00fc sanat\u00e7\u0131 G\u00f6khan T\u00fcrkmen\u2019in konseri sonras\u0131 ortal\u0131k kar\u0131\u015ft\u0131. T\u00fcrkmen, sosyal medya hesab\u0131ndan yapt\u0131\u011f\u0131 a\u00e7\u0131klamada, &#8220;Bug\u00fcn birbirinden de\u011ferli sevenlerimizi b\u00f6yle sa\u00e7ma ve k\u00f6t\u00fc i\u015fletilen bir yerde a\u011f\u0131rlad\u0131\u011f\u0131m i\u00e7in \u00e7ok \u00fczg\u00fcn\u00fcm. Hakk\u0131n\u0131z\u0131 helal edin&#8221; dedi. Afyonkarahisar\u2019da ge\u00e7ti\u011fimiz aylarda a\u00e7\u0131lan ve ruhsat tart\u0131\u015fmalar\u0131 ile g\u00fcndeme gelen Hayal Kahvesi adl\u0131 i\u015fletme \u015fimdi de konserde ya\u015fanan&#8230;<\/p>\n","protected":false},"author":1,"featured_media":72009,"comment_status":"open","ping_status":"open","sticky":false,"template":"","format":"standard","meta":{"_crdt_document":"","footnotes":""},"categories":[1],"tags":[],"class_list":["post-72008","post","type-post","status-publish","format-standard","has-post-thumbnail","hentry","category-guncel"],"_links":{"self":[{"href":"https:\/\/www.egemtv.com\/index.php?rest_route=\/wp\/v2\/posts\/72008","targetHints":{"allow":["GET"]}}],"collection":[{"href":"https:\/\/www.egemtv.com\/index.php?rest_route=\/wp\/v2\/posts"}],"about":[{"href":"https:\/\/www.egemtv.com\/index.php?rest_route=\/wp\/v2\/types\/post"}],"author":[{"embeddable":true,"href":"https:\/\/www.egemtv.com\/index.php?rest_route=\/wp\/v2\/users\/1"}],"replies":[{"embeddable":true,"href":"https:\/\/www.egemtv.com\/index.php?rest_route=%2Fwp%2Fv2%2Fcomments&post=72008"}],"version-history":[{"count":1,"href":"https:\/\/www.egemtv.com\/index.php?rest_route=\/wp\/v2\/posts\/72008\/revisions"}],"predecessor-version":[{"id":72010,"href":"https:\/\/www.egemtv.com\/index.php?rest_route=\/wp\/v2\/posts\/72008\/revisions\/72010"}],"wp:featuredmedia":[{"embeddable":true,"href":"https:\/\/www.egemtv.com\/index.php?rest_route=\/wp\/v2\/media\/72009"}],"wp:attachment":[{"href":"https:\/\/www.egemtv.com\/index.php?rest_route=%2Fwp%2Fv2%2Fmedia&parent=72008"}],"wp:term":[{"taxonomy":"category","embeddable":true,"href":"https:\/\/www.egemtv.com\/index.php?rest_route=%2Fwp%2Fv2%2Fcategories&post=72008"},{"taxonomy":"post_tag","embeddable":true,"href":"https:\/\/www.egemtv.com\/index.php?rest_route=%2Fwp%2Fv2%2Ftags&post=72008"}],"curies":[{"name":"wp","href":"https:\/\/api.w.org\/{rel}","templated":true}]}}