{"id":72005,"date":"2025-12-04T14:55:38","date_gmt":"2025-12-04T11:55:38","guid":{"rendered":"https:\/\/www.egemtv.com\/?p=72005"},"modified":"2025-12-04T14:55:39","modified_gmt":"2025-12-04T11:55:39","slug":"denizli-kitap-fuari-ziyaretci-akinina-ugruyor","status":"publish","type":"post","link":"https:\/\/www.egemtv.com\/?p=72005","title":{"rendered":"Denizli Kitap Fuar\u0131 ziyaret\u00e7i ak\u0131n\u0131na u\u011fruyor"},"content":{"rendered":"<p>Denizli\u2019de sekizinci kez d\u00fczenlenen Denizli Kitap Fuar\u0131, 7 Aral\u0131k Pazar g\u00fcn\u00fc sona erecek. Kentin en \u00f6nemli k\u00fclt\u00fcrel etkinliklerinden biri haline gelen ve on binlerce ziyaret\u00e7iyi a\u011f\u0131rlayan fuar, son haftas\u0131nda da \u00fcnl\u00fc yazarlar, s\u00f6yle\u015filer ve \u00f6zel etkinliklerle kitapseverleri bulu\u015fturacak.<\/p>\n<p>Denizli\u2019nin EGS Fuar Alan\u0131\u2019nda d\u00fczenlenen ve hafta boyunca devam edecek programda Co\u015fkun Aral, Erol M\u00fctercimler, Sayg\u0131 \u00d6zt\u00fcrk, \u015e\u00fckr\u00fc Erba\u015f, Vehbi Vakkaso\u011flu, \u0130rfan De\u011firmenci, Beyhan Budak, Haydar Erg\u00fclen, \u015eermin Ya\u015far, Sinan Ya\u011fmur, Sibel Uzun, I\u015f\u0131l I\u015f\u0131k, Umut Sar\u0131kaya, Atilla A\u011f\u0131rba\u015f ve Hakan Meng\u00fc\u00e7 gibi birbirinden de\u011ferli isimler okurlarla bulu\u015fmaya haz\u0131rlan\u0131yor. S\u00f6yle\u015fi ve imza programlar\u0131n\u0131n yine ziyaret\u00e7i ak\u0131n\u0131na u\u011framas\u0131 bekleniyor.<\/p>\n<p>Hafta i\u00e7i her g\u00fcn ortalama 5 bin \u00f6\u011frenci kat\u0131l\u0131m sa\u011fl\u0131yor<br \/>\n<br \/>\u00d6\u011frencilerin fuara kolayl\u0131kla ula\u015fabilmesi i\u00e7in \u0130l Milli E\u011fitim M\u00fcd\u00fcrl\u00fc\u011f\u00fc ile koordineli bir \u00e7al\u0131\u015fma y\u00fcr\u00fct\u00fcyor. Bu kapsamda fuara gelmek isteyen okullara \u00fccretsiz servis imk\u00e2n\u0131 sa\u011flan\u0131yor. Hafta i\u00e7i her g\u00fcn ortalama 5 bin \u00f6\u011frenci, Denizli Kitap Fuar\u0131\u2019nda kitaplarla, yazarlarla ve k\u00fclt\u00fcrel etkinliklerle bulu\u015fuyor.<\/p>\n<p>\u015eehir d\u0131\u015f\u0131ndan fuara kat\u0131lan yazarlar\u0131n yan\u0131 s\u0131ra Denizlili yazarlar da fuarda kendilerine ayr\u0131lan \u00f6zel alanda okurlar\u0131yla bir araya geldi. Pelin Batu\u2019dan Talha U\u011furluel\u2019e, Haluk \u00c7etin\u2019den \u00dcmit \u015e\u0131rac\u0131\u2019ya ger\u00e7ekle\u015ftirilen s\u00f6yle\u015filere ziyaret\u00e7iler taraf\u0131ndan yo\u011fun ilgi g\u00f6sterildi, sonras\u0131nda yazarlar kitaplar\u0131n\u0131 imzalad\u0131. Panellerden at\u00f6lyelere kadar bir\u00e7ok etkinlik, kitapseverler i\u00e7in zengin bir i\u00e7erik sundu. Fuar\u0131n en dikkat \u00e7ekici etkinliklerinden biri olan &#8220;G\u0131rg\u0131r Dergisi \u00c7i\u00e7e\u011fi Burnunda Karikat\u00fcrc\u00fcler Denizli Bulu\u015fmas\u0131&#8221;, 6 Aral\u0131k 2025 Cumartesi g\u00fcn\u00fc saat 15.00\u2019te Salon 4\u2019te ger\u00e7ekle\u015ftirilecek. Gani M\u00fcjde, Mustafa \u00d6nc\u00fcl, Erdem Sat\u0131r ve Ali \u015eur gibi G\u0131rg\u0131r Dergisi ile yolu kesi\u015fmi\u015f 21 \u00f6zel isim Denizlililerle bulu\u015facak. Etkinlikte Gani M\u00fcjde ve Mustafa \u00d6nc\u00fcl\u2019\u00fcn s\u00f6yle\u015fisi yer al\u0131rken, mizah dergisi koleksiyoneri Erdem Sat\u0131r da G\u0131rg\u0131r tarihine dair keyifli anekdotlar payla\u015facak. \u00c7izerler ayr\u0131ca workshoplarda gen\u00e7lerle bir araya gelerek canl\u0131 \u00e7izimler yapacak.<\/p>\n<p>Denizli Kitap Fuar\u0131, 7 Aral\u0131k Pazar g\u00fcn\u00fc ak\u015fam\u0131 kap\u0131lar\u0131n\u0131 kapatmadan \u00f6nce, son haftas\u0131nda da binlerce ziyaret\u00e7iye k\u00fclt\u00fcr ve edebiyat dolu bir deneyim sunmaya devam edecek.<br \/><\/p>\n","protected":false},"excerpt":{"rendered":"<p>Denizli\u2019de sekizinci kez d\u00fczenlenen Denizli Kitap Fuar\u0131, 7 Aral\u0131k Pazar g\u00fcn\u00fc sona erecek. Kentin en \u00f6nemli k\u00fclt\u00fcrel etkinliklerinden biri haline gelen ve on binlerce ziyaret\u00e7iyi a\u011f\u0131rlayan fuar, son haftas\u0131nda da \u00fcnl\u00fc yazarlar, s\u00f6yle\u015filer ve \u00f6zel etkinliklerle kitapseverleri bulu\u015fturacak. Denizli\u2019nin EGS Fuar Alan\u0131\u2019nda d\u00fczenlenen ve hafta boyunca devam edecek programda Co\u015fkun Aral, Erol M\u00fctercimler, Sayg\u0131 \u00d6zt\u00fcrk,&#8230;<\/p>\n","protected":false},"author":1,"featured_media":72006,"comment_status":"open","ping_status":"open","sticky":false,"template":"","format":"standard","meta":{"_crdt_document":"","footnotes":""},"categories":[1],"tags":[],"class_list":["post-72005","post","type-post","status-publish","format-standard","has-post-thumbnail","hentry","category-guncel"],"_links":{"self":[{"href":"https:\/\/www.egemtv.com\/index.php?rest_route=\/wp\/v2\/posts\/72005","targetHints":{"allow":["GET"]}}],"collection":[{"href":"https:\/\/www.egemtv.com\/index.php?rest_route=\/wp\/v2\/posts"}],"about":[{"href":"https:\/\/www.egemtv.com\/index.php?rest_route=\/wp\/v2\/types\/post"}],"author":[{"embeddable":true,"href":"https:\/\/www.egemtv.com\/index.php?rest_route=\/wp\/v2\/users\/1"}],"replies":[{"embeddable":true,"href":"https:\/\/www.egemtv.com\/index.php?rest_route=%2Fwp%2Fv2%2Fcomments&post=72005"}],"version-history":[{"count":1,"href":"https:\/\/www.egemtv.com\/index.php?rest_route=\/wp\/v2\/posts\/72005\/revisions"}],"predecessor-version":[{"id":72007,"href":"https:\/\/www.egemtv.com\/index.php?rest_route=\/wp\/v2\/posts\/72005\/revisions\/72007"}],"wp:featuredmedia":[{"embeddable":true,"href":"https:\/\/www.egemtv.com\/index.php?rest_route=\/wp\/v2\/media\/72006"}],"wp:attachment":[{"href":"https:\/\/www.egemtv.com\/index.php?rest_route=%2Fwp%2Fv2%2Fmedia&parent=72005"}],"wp:term":[{"taxonomy":"category","embeddable":true,"href":"https:\/\/www.egemtv.com\/index.php?rest_route=%2Fwp%2Fv2%2Fcategories&post=72005"},{"taxonomy":"post_tag","embeddable":true,"href":"https:\/\/www.egemtv.com\/index.php?rest_route=%2Fwp%2Fv2%2Ftags&post=72005"}],"curies":[{"name":"wp","href":"https:\/\/api.w.org\/{rel}","templated":true}]}}