{"id":72002,"date":"2025-12-04T14:35:01","date_gmt":"2025-12-04T11:35:01","guid":{"rendered":"https:\/\/www.egemtv.com\/?p=72002"},"modified":"2025-12-04T14:35:02","modified_gmt":"2025-12-04T11:35:02","slug":"buyuksehir-taekwondoculari-saraybosnada-turkiyeyi-gururlandirdi","status":"publish","type":"post","link":"https:\/\/www.egemtv.com\/?p=72002","title":{"rendered":"B\u00fcy\u00fck\u015fehir Taekwondocular\u0131 Saraybosna\u2019da T\u00fcrkiye\u2019yi gururland\u0131rd\u0131"},"content":{"rendered":"<p>Bosna Hersek\u2019in ba\u015fkenti Saraybosna\u2019da d\u00fczenlenen D\u00fcnya Taekwondo Federasyonu\u2019nun prestijli organizasyonu &#8220;World Taekwondo Bosnia and Herzegovina Open E1&#8221; Uluslararas\u0131 Taekwondo Turnuvas\u0131\u2019nda Mu\u011fla B\u00fcy\u00fck\u015fehir Belediyesi Taekwondo Tak\u0131m\u0131 \u00f6nemli ba\u015far\u0131lara imza atarak T\u00fcrkiye\u2019yi ve Mu\u011fla\u2019y\u0131 gururland\u0131rd\u0131.<br \/>\n<br \/>20 \u00fclkeden 364 sporcunun yer ald\u0131\u011f\u0131 y\u00fcksek kat\u0131l\u0131ml\u0131 turnuvada Mu\u011fla\u2019n\u0131n gen\u00e7 sporcular\u0131 sergiledikleri \u00fcst\u00fcn performansla k\u00fcrs\u00fcye \u00e7\u0131kmay\u0131 ba\u015fard\u0131.<br \/>\n<br \/>Turnuvada Mu\u011fla B\u00fcy\u00fck\u015fehir Belediyesi\u2019nin sporcular\u0131 \u00f6nemli ba\u015far\u0131lara imza att\u0131. Gen\u00e7 K\u0131zlar 68 kg kategorisinde m\u00fccadele eden Elif M\u00fcnire Arslan \u00fc\u00e7\u00fcnc\u00fcl\u00fck elde ederek bronz madalyaya uzan\u0131rken, Y\u0131ld\u0131z Erkekler 57 kg kategorisinde yar\u0131\u015fan \u00d6mer Yi\u011fit Dayal da \u00fc\u00e7\u00fcnc\u00fc olarak bronz madalya kazand\u0131. Bununla birlikte Elif \u00d6zer (44 kg Y\u0131ld\u0131z K\u0131zlar), Afra Zeynep Arslan (59 kg Y\u0131ld\u0131z K\u0131zlar) ve Ece Kurucan (55 kg Y\u0131ld\u0131z K\u0131zlar) \u00e7eyrek final ma\u00e7lar\u0131na y\u00fckselerek kendi kategorilerinde be\u015fincilik elde edip turnuvada dikkat \u00e7ekici performanslar\u0131yla takdir toplad\u0131.<br \/>\n<br \/>Ba\u015fkan Aras: &#8220;Gen\u00e7lerimize inan\u0131yor ve onlara \u00e7ok g\u00fcveniyoruz&#8221;<br \/>\n<br \/>K\u0131y\u0131 Ege Belediyeler Birli\u011fi ve Mu\u011fla B\u00fcy\u00fck\u015fehir Belediye Ba\u015fkan\u0131 Ahmet Aras, gen\u00e7 sporcular\u0131 tebrik ederek \u015funlar\u0131 s\u00f6yledi: &#8220;Mu\u011fla\u2019n\u0131n altyap\u0131s\u0131ndan yeti\u015fen sporcular\u0131m\u0131z\u0131n Saraybosna\u2019da \u00fclkemizi ve \u015fehrimizi b\u00f6yle gururla temsil etmesi hepimizi \u00e7ok mutlu etti. Bu ba\u015far\u0131, gen\u00e7lerimize olan inanc\u0131m\u0131z\u0131n ne kadar do\u011fru oldu\u011funu g\u00f6steriyor. Sporcular\u0131m\u0131z\u0131 y\u00fcrekten kutluyor, ailelerine ve emek veren t\u00fcm antren\u00f6rlerimize te\u015fekk\u00fcr ediyorum&#8221;<br \/>\n<br \/>Ba\u015fkan Aras, \u00f6zellikle sporcular\u0131 k\u00fc\u00e7\u00fck ya\u015flardan itibaren yeti\u015ftirerek uluslararas\u0131 arenaya haz\u0131rlayan Uluslararas\u0131 ve Milli Taekwondo Ko\u00e7u Teknik Direkt\u00f6r Naz G\u00f6kta\u015f\u2019a da te\u015fekk\u00fcr etti: &#8220;Naz G\u00f6kta\u015f hocam\u0131z\u0131n eme\u011fi ve disiplinli \u00e7al\u0131\u015fmas\u0131, bug\u00fcn elde edilen bu gurur verici sonu\u00e7lar\u0131n temelini olu\u015fturuyor. Kendisine hem \u015fehrimiz hem de gen\u00e7lerimiz ad\u0131na te\u015fekk\u00fcr ediyor, ba\u015far\u0131lar\u0131n\u0131n devam\u0131n\u0131 diliyorum&#8221;<br \/><\/p>\n","protected":false},"excerpt":{"rendered":"<p>Bosna Hersek\u2019in ba\u015fkenti Saraybosna\u2019da d\u00fczenlenen D\u00fcnya Taekwondo Federasyonu\u2019nun prestijli organizasyonu &#8220;World Taekwondo Bosnia and Herzegovina Open E1&#8221; Uluslararas\u0131 Taekwondo Turnuvas\u0131\u2019nda Mu\u011fla B\u00fcy\u00fck\u015fehir Belediyesi Taekwondo Tak\u0131m\u0131 \u00f6nemli ba\u015far\u0131lara imza atarak T\u00fcrkiye\u2019yi ve Mu\u011fla\u2019y\u0131 gururland\u0131rd\u0131. 20 \u00fclkeden 364 sporcunun yer ald\u0131\u011f\u0131 y\u00fcksek kat\u0131l\u0131ml\u0131 turnuvada Mu\u011fla\u2019n\u0131n gen\u00e7 sporcular\u0131 sergiledikleri \u00fcst\u00fcn performansla k\u00fcrs\u00fcye \u00e7\u0131kmay\u0131 ba\u015fard\u0131. Turnuvada Mu\u011fla B\u00fcy\u00fck\u015fehir Belediyesi\u2019nin&#8230;<\/p>\n","protected":false},"author":1,"featured_media":72003,"comment_status":"open","ping_status":"open","sticky":false,"template":"","format":"standard","meta":{"_crdt_document":"","footnotes":""},"categories":[4],"tags":[],"class_list":["post-72002","post","type-post","status-publish","format-standard","has-post-thumbnail","hentry","category-spor"],"_links":{"self":[{"href":"https:\/\/www.egemtv.com\/index.php?rest_route=\/wp\/v2\/posts\/72002","targetHints":{"allow":["GET"]}}],"collection":[{"href":"https:\/\/www.egemtv.com\/index.php?rest_route=\/wp\/v2\/posts"}],"about":[{"href":"https:\/\/www.egemtv.com\/index.php?rest_route=\/wp\/v2\/types\/post"}],"author":[{"embeddable":true,"href":"https:\/\/www.egemtv.com\/index.php?rest_route=\/wp\/v2\/users\/1"}],"replies":[{"embeddable":true,"href":"https:\/\/www.egemtv.com\/index.php?rest_route=%2Fwp%2Fv2%2Fcomments&post=72002"}],"version-history":[{"count":1,"href":"https:\/\/www.egemtv.com\/index.php?rest_route=\/wp\/v2\/posts\/72002\/revisions"}],"predecessor-version":[{"id":72004,"href":"https:\/\/www.egemtv.com\/index.php?rest_route=\/wp\/v2\/posts\/72002\/revisions\/72004"}],"wp:featuredmedia":[{"embeddable":true,"href":"https:\/\/www.egemtv.com\/index.php?rest_route=\/wp\/v2\/media\/72003"}],"wp:attachment":[{"href":"https:\/\/www.egemtv.com\/index.php?rest_route=%2Fwp%2Fv2%2Fmedia&parent=72002"}],"wp:term":[{"taxonomy":"category","embeddable":true,"href":"https:\/\/www.egemtv.com\/index.php?rest_route=%2Fwp%2Fv2%2Fcategories&post=72002"},{"taxonomy":"post_tag","embeddable":true,"href":"https:\/\/www.egemtv.com\/index.php?rest_route=%2Fwp%2Fv2%2Ftags&post=72002"}],"curies":[{"name":"wp","href":"https:\/\/api.w.org\/{rel}","templated":true}]}}