{"id":71996,"date":"2025-12-04T14:34:59","date_gmt":"2025-12-04T11:34:59","guid":{"rendered":"https:\/\/www.egemtv.com\/?p=71996"},"modified":"2025-12-04T14:35:00","modified_gmt":"2025-12-04T11:35:00","slug":"denizli-idmanyurdu-lider-kutahyasporu-konuk-edecek","status":"publish","type":"post","link":"https:\/\/www.egemtv.com\/?p=71996","title":{"rendered":"Denizli \u0130dmanyurdu, lider K\u00fctahyaspor\u2019u konuk edecek"},"content":{"rendered":"<p>TFF 3. Lig 4. Grup\u2019un 12. haftas\u0131nda evinde lider K\u00fctahyaspor Futbol Kul\u00fcb\u00fc ile kar\u015f\u0131la\u015facak olan Denizli \u0130dmanyurdu, ma\u00e7\u0131n haz\u0131rl\u0131klar\u0131n\u0131 yo\u011fun bir \u015fekilde s\u00fcrd\u00fcr\u00fcyor.<br \/>\n<br \/>TFF 3. Lig 4. Grup\u2019ta 11. hafta itibar\u0131yla 6 galibiyet, 2 beraberlik, 3 yenilgi alarak 20 puanla 5. s\u0131rada bulunan Denizli \u0130dmanyurdu, 28 puanla grup lideri olan K\u00fctahyaspor Futbol Kul\u00fcb\u00fc ile Denizli Atat\u00fcrk Stad\u0131\u2019nda kar\u015f\u0131la\u015facak. Ma\u00e7 haz\u0131rl\u0131klar\u0131n\u0131 yo\u011fun bir \u015fekilde s\u00fcrd\u00fcren Denizli temsilcisinde tek d\u00fc\u015f\u00fcnce eksik kadroya ra\u011fmen taraftar deste\u011fi ile sahas\u0131nda kazanarak \u00fcst s\u0131ralardan kopmamak.<\/p>\n<p>&#8220;Kar\u015f\u0131yaka\u2019y\u0131 tebrik ederiz&#8221;<br \/>\n<br \/>K\u00fctahyaspor Futbol Kul\u00fcb\u00fc ma\u00e7\u0131 \u00f6ncesi de\u011ferlendirmelerde bulunan Denizli \u0130dmanyurdu Teknik Sorumlusu \u00d6zcan Sert, Kar\u015f\u0131yaka kar\u015f\u0131s\u0131nda ald\u0131klar\u0131 yenilgiyi hak etmediklerine dikkat \u00e7ekerek, &#8220;\u00d6ncelikle Kar\u015f\u0131yaka tak\u0131m\u0131n\u0131 tebrik ederiz. \u00c7ok g\u00fczel ma\u00e7 oldu. Onlar\u0131n da eksik kadrosu vard\u0131. G\u00fczel bir m\u00fccadele oldu. Ma\u00e7\u0131 2-0 kaybettik. Ma\u00e7tan \u00e7\u0131kmadan da analizini yapt\u0131k. Ger\u00e7ek manada kaybetmeyi hak etmedi\u011fimiz, oyun dizili\u015fine, taktik ve oyun stratejisine son ana kadar sad\u0131k kald\u0131\u011f\u0131m\u0131z bir ma\u00e7 oldu. Ancak yeni oynayan karde\u015flerimizin ma\u00e7 oynamama tecr\u00fcbeleri, acemiliklerinden bir dakikada 2 gol yedik ve ma\u00e7\u0131 kaybettik. Ama oyunun genel b\u00f6l\u00fcm\u00fcnde elimizde kalan oyunculara g\u00f6re bulmu\u015f oldu\u011fumuz dizili\u015f, bulmu\u015f oldu\u011fumuz formasyon, ikinci devre yine elimizdeki oyunculara g\u00f6re de\u011fi\u015ftirmi\u015f oldu\u011fumuz oyun format\u0131 gayet iyiydi. Kar\u015f\u0131yaka tak\u0131m\u0131 kadro derinli\u011fi ve kalitesi anlam\u0131nda yukar\u0131da tak\u0131m. Bunu her zaman konu\u015fuyoruz. Kar\u015f\u0131yaka\u2019da bizi mutlu eden k\u0131s\u0131mlardan bir tanesi de Kar\u015f\u0131yaka taraftar\u0131n\u0131n ve Kar\u015f\u0131yaka Teknik Direkt\u00f6r\u00fc hocam\u0131z\u0131n bizim oynam\u0131\u015f oldu\u011fumuz futbolun g\u00fczelli\u011fine, temizli\u011fine de\u011finiyor olmas\u0131 oldu&#8221; dedi.<\/p>\n<p>&#8220;Amac\u0131m\u0131z iyi futbol&#8221;<br \/>\n<br \/>Tak\u0131m olarak ama\u00e7lar\u0131n\u0131n iyi futbol oldu\u011funa vurgu yapan Sert, &#8220;Biz bunu hep anlat\u0131yorduk. Biz skor al\u0131p k\u00f6t\u00fc oyun, futbolu \u00e7irkinle\u015ftirmekten ziyade her zaman futbolun i\u00e7inde kal\u0131p futbolu g\u00fczel oynay\u0131p bunun yan\u0131nda skorlar almak istiyorduk. \u00d6yle bir m\u00fccadele oldu. Tabi ki Kar\u015f\u0131yaka deplasman da seyircisi ile birlikte favoriydi. Favori kazand\u0131. Kar\u015f\u0131yaka tak\u0131m\u0131n\u0131n da eksikleri var. Ancak Kar\u015f\u0131yaka tak\u0131m\u0131n\u0131n devam eden U19 tak\u0131m\u0131 var. Alt yap\u0131s\u0131 var. Orada A tak\u0131m\u0131nda olan futbolcular\u0131 var. Kar\u015f\u0131yaka tak\u0131m\u0131n\u0131n kadrosunun bizden daha fazla alternatifi var. Bizim kaybetti\u011fimiz bir oyuncunun yerinin dolmas\u0131 \u00e7ok zaman al\u0131yor. Tabi ki gen\u00e7 karde\u015flerimiz gelecek onlar\u0131n yerini dolduracak ancak bu bir g\u00fcnde olacak bir \u015fey de\u011fil. Bu oynaya oynaya ilerleyen s\u00fcre\u00e7te olacak. Bu olaydan k\u0131sa vadede en \u00e7ok etkilenen tak\u0131m\u0131n bizim tak\u0131m oldu\u011funu s\u00f6ylemi\u015ftim. Bu hamle k\u0131s\u0131tl\u0131l\u0131\u011f\u0131m\u0131z olsun baz\u0131 acemice davran\u0131\u015flar\u0131m\u0131z olsun sahada kendini g\u00f6sterdi. Ama biz \u00e7ocuklar\u0131n oynad\u0131\u011f\u0131 oyundan mutluyuz, gururluyuz. Ald\u0131\u011f\u0131m\u0131z reaksiyonlardan mutluyuz&#8221; diye konu\u015ftu.<\/p>\n<p>&#8220;K\u00fctahya her anlamda g\u00fc\u00e7l\u00fc bir camia&#8221;<br \/>\n<br \/>&#8220;K\u00fctahya ma\u00e7\u0131 haz\u0131rl\u0131klar\u0131na Pazartesi g\u00fcn\u00fcnden itibaren ba\u015flad\u0131k&#8221; diyen Sert, &#8220;K\u00fctahya tak\u0131m\u0131 ligin en iyi tak\u0131mlar\u0131ndan birisi. \u00d6nce b\u00fct\u00e7e olarak \u00e7ok y\u00fcksek bir b\u00fct\u00e7e ile kurulan bir tak\u0131m. Sonra kadro kalitesi ve kadrodaki derinlik anlam\u0131nda K\u00fctahyaspor \u00e7ok iyi bir tak\u0131m. O kadar futbolcusu eksilmesine ra\u011fmen hala ligin \u00e7ok \u00fcst\u00fcnde bir kadrosu var. Sadece bizim grubun de\u011fil bir\u00e7ok grubun \u00fcst\u00fcnde bir kadrosu var. \u0130\u015fte kaleciyi kaybettiler yerine Bo\u011fa\u00e7han gibi ligin en iyi kalecilerinden birisini alabilecek kadar ekonomik g\u00fc\u00e7leri var. K\u00fctahyaspor b\u00fcy\u00fck bir camia. Ben K\u00fctahyaspor\u2019da \u00e7al\u0131\u015ft\u0131m. Orada yard\u0131mc\u0131 antren\u00f6rl\u00fck yapt\u0131m. Orada Play Off oynad\u0131k. Seyircisini de bekliyoruz. Geldiklerinde burada misafir etmek isteriz. Onlara ho\u015f geldine de gidece\u011fim. Onlar\u0131 burada \u00e7ok g\u00fczel a\u011f\u0131rlayaca\u011f\u0131z. K\u00fctahyaspor\u2019da ayn\u0131 Kar\u015f\u0131yaka Eski\u015fehir gibi b\u00fcy\u00fck bir camia, \u00e7ok kaliteli bir kadroya kar\u015f\u0131 oynayaca\u011f\u0131z. K\u00fctahyaspor son 7 ma\u00e7ta gol yemedi. 20 tane gol att\u0131. Son kazand\u0131\u011f\u0131 iki ma\u00e7tan birisi Ayval\u0131kg\u00fcc\u00fc, birisi de U\u015fakspor ligin ciddi tak\u0131mlar\u0131ndan birisi. Oturmu\u015f bir sistemleri var. \u0130yi bir hocalar\u0131 var. \u0130yi bir kadrolar\u0131 var. \u0130yi bir taraftar\u0131 var. \u0130yi ekonomileri var. K\u00fctahyaspor bu sezon i\u00e7inde ligin favori tak\u0131mlar\u0131ndan birisi. Futbolcular\u0131ma da s\u00f6yledim e\u011fer bire bir performans g\u00f6sterirsek zorlan\u0131r\u0131z. Bire iki g\u00f6sterirsek yine \u00e7ok zorlan\u0131r\u0131z. Bunun i\u00e7in bire sekiz on performans g\u00f6stermemiz laz\u0131m ki b\u00f6yle bir tak\u0131mdan puan yada puanlar alal\u0131m. O y\u00fczden bu hafta yine iki tak\u0131m\u0131n da eksikleri olmas\u0131na ra\u011fmen oynanacak ma\u00e7 ligin en ciddi ma\u00e7lar\u0131ndan birisi olacak. Bizim i\u00e7in \u00e7ok zorlu bir s\u0131nav. Bu zorlu s\u0131nav\u0131 atlat\u0131rsak bizim i\u00e7in \u00e7ok b\u00fcy\u00fck bir mutluluk olacak. Kazas\u0131z belas\u0131z g\u00fczel bir ma\u00e7 diliyorum&#8221; ifadelerini kulland\u0131.<br \/><\/p>\n","protected":false},"excerpt":{"rendered":"<p>TFF 3. Lig 4. Grup\u2019un 12. haftas\u0131nda evinde lider K\u00fctahyaspor Futbol Kul\u00fcb\u00fc ile kar\u015f\u0131la\u015facak olan Denizli \u0130dmanyurdu, ma\u00e7\u0131n haz\u0131rl\u0131klar\u0131n\u0131 yo\u011fun bir \u015fekilde s\u00fcrd\u00fcr\u00fcyor. TFF 3. Lig 4. Grup\u2019ta 11. hafta itibar\u0131yla 6 galibiyet, 2 beraberlik, 3 yenilgi alarak 20 puanla 5. s\u0131rada bulunan Denizli \u0130dmanyurdu, 28 puanla grup lideri olan K\u00fctahyaspor Futbol Kul\u00fcb\u00fc ile Denizli&#8230;<\/p>\n","protected":false},"author":1,"featured_media":71997,"comment_status":"open","ping_status":"open","sticky":false,"template":"","format":"standard","meta":{"_crdt_document":"","footnotes":""},"categories":[4],"tags":[],"class_list":["post-71996","post","type-post","status-publish","format-standard","has-post-thumbnail","hentry","category-spor"],"_links":{"self":[{"href":"https:\/\/www.egemtv.com\/index.php?rest_route=\/wp\/v2\/posts\/71996","targetHints":{"allow":["GET"]}}],"collection":[{"href":"https:\/\/www.egemtv.com\/index.php?rest_route=\/wp\/v2\/posts"}],"about":[{"href":"https:\/\/www.egemtv.com\/index.php?rest_route=\/wp\/v2\/types\/post"}],"author":[{"embeddable":true,"href":"https:\/\/www.egemtv.com\/index.php?rest_route=\/wp\/v2\/users\/1"}],"replies":[{"embeddable":true,"href":"https:\/\/www.egemtv.com\/index.php?rest_route=%2Fwp%2Fv2%2Fcomments&post=71996"}],"version-history":[{"count":1,"href":"https:\/\/www.egemtv.com\/index.php?rest_route=\/wp\/v2\/posts\/71996\/revisions"}],"predecessor-version":[{"id":71998,"href":"https:\/\/www.egemtv.com\/index.php?rest_route=\/wp\/v2\/posts\/71996\/revisions\/71998"}],"wp:featuredmedia":[{"embeddable":true,"href":"https:\/\/www.egemtv.com\/index.php?rest_route=\/wp\/v2\/media\/71997"}],"wp:attachment":[{"href":"https:\/\/www.egemtv.com\/index.php?rest_route=%2Fwp%2Fv2%2Fmedia&parent=71996"}],"wp:term":[{"taxonomy":"category","embeddable":true,"href":"https:\/\/www.egemtv.com\/index.php?rest_route=%2Fwp%2Fv2%2Fcategories&post=71996"},{"taxonomy":"post_tag","embeddable":true,"href":"https:\/\/www.egemtv.com\/index.php?rest_route=%2Fwp%2Fv2%2Ftags&post=71996"}],"curies":[{"name":"wp","href":"https:\/\/api.w.org\/{rel}","templated":true}]}}