{"id":71993,"date":"2025-12-04T14:34:58","date_gmt":"2025-12-04T11:34:58","guid":{"rendered":"https:\/\/www.egemtv.com\/?p=71993"},"modified":"2025-12-04T14:34:59","modified_gmt":"2025-12-04T11:34:59","slug":"aydin-valiliginden-firtina-uyarisi","status":"publish","type":"post","link":"https:\/\/www.egemtv.com\/?p=71993","title":{"rendered":"Ayd\u0131n Valili\u011fi\u2019nden f\u0131rt\u0131na uyar\u0131s\u0131"},"content":{"rendered":"<p>Ayd\u0131n Valili\u011fi, Ege Denizi\u2019nin g\u00fcneyinde yar\u0131n etkili olacak f\u0131rt\u0131na nedeniyle vatanda\u015flar\u0131 dikkatli ve tedbirli olmaya \u00e7a\u011f\u0131rd\u0131.<\/p>\n<p>Ayd\u0131n Valili\u011fi, Ege Denizi\u2019nin g\u00fcneyinde etkili olmas\u0131 beklenen f\u0131rt\u0131naya kar\u015f\u0131 vatanda\u015flar\u0131 uyard\u0131. Yap\u0131lan a\u00e7\u0131klamada, r\u00fczgar\u0131n yar\u0131n (05.12.2025) ilk saatlerden itibaren g\u00fcney ve g\u00fcneydo\u011fu y\u00f6nlerden 6 ila 8 kuvvetinde (50-75 km\/saat) f\u0131rt\u0131na, b\u00f6lgenin baz\u0131 kesimlerinde ise 9 kuvvetine (90 km\/saat) ula\u015fan kuvvetli f\u0131rt\u0131na \u015feklinde esece\u011finin tahmin edildi\u011fi bildirildi.<\/p>\n<p>Ayd\u0131n Valili\u011fi\u2019nden yap\u0131lan a\u00e7\u0131klamada denizde ve k\u0131y\u0131 b\u00f6lgelerinde etkili olmas\u0131 beklenen hava \u015fartlar\u0131 nedeniyle vatanda\u015flar\u0131n dikkatli ve tedbirli olmas\u0131 \u00e7a\u011fr\u0131s\u0131nda bulunulurken, ayr\u0131ca muhtemel olumsuzluklara kar\u015f\u0131 yetkili ekiplerin sahada teyakkuz halinde oldu\u011fu belirtildi.<br \/><\/p>\n","protected":false},"excerpt":{"rendered":"<p>Ayd\u0131n Valili\u011fi, Ege Denizi\u2019nin g\u00fcneyinde yar\u0131n etkili olacak f\u0131rt\u0131na nedeniyle vatanda\u015flar\u0131 dikkatli ve tedbirli olmaya \u00e7a\u011f\u0131rd\u0131. Ayd\u0131n Valili\u011fi, Ege Denizi\u2019nin g\u00fcneyinde etkili olmas\u0131 beklenen f\u0131rt\u0131naya kar\u015f\u0131 vatanda\u015flar\u0131 uyard\u0131. Yap\u0131lan a\u00e7\u0131klamada, r\u00fczgar\u0131n yar\u0131n (05.12.2025) ilk saatlerden itibaren g\u00fcney ve g\u00fcneydo\u011fu y\u00f6nlerden 6 ila 8 kuvvetinde (50-75 km\/saat) f\u0131rt\u0131na, b\u00f6lgenin baz\u0131 kesimlerinde ise 9 kuvvetine (90 km\/saat)&#8230;<\/p>\n","protected":false},"author":1,"featured_media":71994,"comment_status":"open","ping_status":"open","sticky":false,"template":"","format":"standard","meta":{"_crdt_document":"","footnotes":""},"categories":[1],"tags":[],"class_list":["post-71993","post","type-post","status-publish","format-standard","has-post-thumbnail","hentry","category-guncel"],"_links":{"self":[{"href":"https:\/\/www.egemtv.com\/index.php?rest_route=\/wp\/v2\/posts\/71993","targetHints":{"allow":["GET"]}}],"collection":[{"href":"https:\/\/www.egemtv.com\/index.php?rest_route=\/wp\/v2\/posts"}],"about":[{"href":"https:\/\/www.egemtv.com\/index.php?rest_route=\/wp\/v2\/types\/post"}],"author":[{"embeddable":true,"href":"https:\/\/www.egemtv.com\/index.php?rest_route=\/wp\/v2\/users\/1"}],"replies":[{"embeddable":true,"href":"https:\/\/www.egemtv.com\/index.php?rest_route=%2Fwp%2Fv2%2Fcomments&post=71993"}],"version-history":[{"count":1,"href":"https:\/\/www.egemtv.com\/index.php?rest_route=\/wp\/v2\/posts\/71993\/revisions"}],"predecessor-version":[{"id":71995,"href":"https:\/\/www.egemtv.com\/index.php?rest_route=\/wp\/v2\/posts\/71993\/revisions\/71995"}],"wp:featuredmedia":[{"embeddable":true,"href":"https:\/\/www.egemtv.com\/index.php?rest_route=\/wp\/v2\/media\/71994"}],"wp:attachment":[{"href":"https:\/\/www.egemtv.com\/index.php?rest_route=%2Fwp%2Fv2%2Fmedia&parent=71993"}],"wp:term":[{"taxonomy":"category","embeddable":true,"href":"https:\/\/www.egemtv.com\/index.php?rest_route=%2Fwp%2Fv2%2Fcategories&post=71993"},{"taxonomy":"post_tag","embeddable":true,"href":"https:\/\/www.egemtv.com\/index.php?rest_route=%2Fwp%2Fv2%2Ftags&post=71993"}],"curies":[{"name":"wp","href":"https:\/\/api.w.org\/{rel}","templated":true}]}}