{"id":71990,"date":"2025-12-04T13:55:42","date_gmt":"2025-12-04T10:55:42","guid":{"rendered":"https:\/\/www.egemtv.com\/?p=71990"},"modified":"2025-12-04T13:55:42","modified_gmt":"2025-12-04T10:55:42","slug":"gencler-dunya-mirasi-afrodisiasi-gezdi","status":"publish","type":"post","link":"https:\/\/www.egemtv.com\/?p=71990","title":{"rendered":"Gen\u00e7ler, \u2019D\u00fcnya Miras\u0131\u2019 Afrodisias\u2019\u0131 gezdi"},"content":{"rendered":"<p>Ge\u00e7mi\u015finde bir\u00e7ok medeniyete ev sahipli\u011fi yapan Ayd\u0131n\u2019\u0131n Karacasu il\u00e7esinde bulunan ve UNESCO D\u00fcnya Miras\u0131 Listesi\u2019ndeki Afrodisias Antik Kenti\u2019ni ziyaret eden AD\u00dc Medya Toplulu\u011fu antik kenti yerinde gezerek tarihi dokuyu yak\u0131ndan inceleme f\u0131rsat\u0131 buldu.<\/p>\n<p>Ayd\u0131n Adnan Menderes \u00dcniversitesi (AD\u00dc) Medya Toplulu\u011fu taraf\u0131ndan d\u00fczenlenen ve Gen\u00e7lik ve Spor Bakanl\u0131\u011f\u0131na ba\u011fl\u0131 Sultanhisar Gen\u00e7lik Merkezi taraf\u0131ndan desteklenen k\u00fclt\u00fcr gezisi kapsam\u0131nda At\u00e7a Meslek Y\u00fcksekokulu \u00f6\u011frencileri, UNESCO D\u00fcnya Miras\u0131 Listesi\u2019nde bulunan Afrodisias Antik Kenti\u2019ni ziyaret etti. M.\u00d6. 5 bin y\u0131l ortalar\u0131na kadar uzanan tarihi ile \u00fcnl\u00fc foto\u011fraf sanat\u00e7\u0131s\u0131 Ara G\u00fcler\u2019in d\u00fcnyaya tan\u0131tt\u0131\u011f\u0131 Afrodisias\u2019\u0131 yerinde inceleme f\u0131rsat\u0131 bulan \u00f6\u011frenciler, antik kentin tarihi ve k\u00fclt\u00fcrel miras\u0131 hakk\u0131nda kapsaml\u0131 bilgiler edindi. Rehberler e\u015fli\u011finde yap\u0131lan gezide \u00f6\u011frenciler, s\u00fctunlu cadde, stadyum, tiyatro ve tap\u0131nak gibi \u00f6nemli yap\u0131lar\u0131 yak\u0131ndan g\u00f6rme imkan\u0131 buldu.<br \/><\/p>\n","protected":false},"excerpt":{"rendered":"<p>Ge\u00e7mi\u015finde bir\u00e7ok medeniyete ev sahipli\u011fi yapan Ayd\u0131n\u2019\u0131n Karacasu il\u00e7esinde bulunan ve UNESCO D\u00fcnya Miras\u0131 Listesi\u2019ndeki Afrodisias Antik Kenti\u2019ni ziyaret eden AD\u00dc Medya Toplulu\u011fu antik kenti yerinde gezerek tarihi dokuyu yak\u0131ndan inceleme f\u0131rsat\u0131 buldu. Ayd\u0131n Adnan Menderes \u00dcniversitesi (AD\u00dc) Medya Toplulu\u011fu taraf\u0131ndan d\u00fczenlenen ve Gen\u00e7lik ve Spor Bakanl\u0131\u011f\u0131na ba\u011fl\u0131 Sultanhisar Gen\u00e7lik Merkezi taraf\u0131ndan desteklenen k\u00fclt\u00fcr gezisi&#8230;<\/p>\n","protected":false},"author":1,"featured_media":71991,"comment_status":"open","ping_status":"open","sticky":false,"template":"","format":"standard","meta":{"_crdt_document":"","footnotes":""},"categories":[1],"tags":[],"class_list":["post-71990","post","type-post","status-publish","format-standard","has-post-thumbnail","hentry","category-guncel"],"_links":{"self":[{"href":"https:\/\/www.egemtv.com\/index.php?rest_route=\/wp\/v2\/posts\/71990","targetHints":{"allow":["GET"]}}],"collection":[{"href":"https:\/\/www.egemtv.com\/index.php?rest_route=\/wp\/v2\/posts"}],"about":[{"href":"https:\/\/www.egemtv.com\/index.php?rest_route=\/wp\/v2\/types\/post"}],"author":[{"embeddable":true,"href":"https:\/\/www.egemtv.com\/index.php?rest_route=\/wp\/v2\/users\/1"}],"replies":[{"embeddable":true,"href":"https:\/\/www.egemtv.com\/index.php?rest_route=%2Fwp%2Fv2%2Fcomments&post=71990"}],"version-history":[{"count":1,"href":"https:\/\/www.egemtv.com\/index.php?rest_route=\/wp\/v2\/posts\/71990\/revisions"}],"predecessor-version":[{"id":71992,"href":"https:\/\/www.egemtv.com\/index.php?rest_route=\/wp\/v2\/posts\/71990\/revisions\/71992"}],"wp:featuredmedia":[{"embeddable":true,"href":"https:\/\/www.egemtv.com\/index.php?rest_route=\/wp\/v2\/media\/71991"}],"wp:attachment":[{"href":"https:\/\/www.egemtv.com\/index.php?rest_route=%2Fwp%2Fv2%2Fmedia&parent=71990"}],"wp:term":[{"taxonomy":"category","embeddable":true,"href":"https:\/\/www.egemtv.com\/index.php?rest_route=%2Fwp%2Fv2%2Fcategories&post=71990"},{"taxonomy":"post_tag","embeddable":true,"href":"https:\/\/www.egemtv.com\/index.php?rest_route=%2Fwp%2Fv2%2Ftags&post=71990"}],"curies":[{"name":"wp","href":"https:\/\/api.w.org\/{rel}","templated":true}]}}