{"id":71984,"date":"2025-12-04T13:55:41","date_gmt":"2025-12-04T10:55:41","guid":{"rendered":"https:\/\/www.egemtv.com\/?p=71984"},"modified":"2025-12-04T13:55:41","modified_gmt":"2025-12-04T10:55:41","slug":"tobb-baskani-rifat-hisarciklioglu-15-aralikta-denizlide-olacak","status":"publish","type":"post","link":"https:\/\/www.egemtv.com\/?p=71984","title":{"rendered":"TOBB Ba\u015fkan\u0131 R\u0131fat Hisarc\u0131kl\u0131o\u011flu 15 Aral\u0131k\u2019ta Denizli\u2019de olacak"},"content":{"rendered":"<p>T\u00fcrkiye Odalar ve Borsalar Birli\u011fi (TOBB) Ba\u015fkan\u0131 R\u0131fat Hisarc\u0131kl\u0131o\u011flu, 15 Aral\u0131k 2025 tarihinde Denizli\u2019ye gelerek Sanayi Odas\u0131\u2019n\u0131n davetlisi olarak iki \u00f6nemli programa kat\u0131lacak.<\/p>\n<p>T\u00fcrkiye Odalar ve Borsalar Birli\u011fi (TOBB) Ba\u015fkan\u0131 R\u0131fat Hisarc\u0131kl\u0131o\u011flu, 15 Aral\u0131k 2025 tarihinde Denizli\u2019ye geliyor. Ba\u015fkan Hisarc\u0131kl\u0131o\u011flu\u2019nun Denizli program\u0131 kapsam\u0131nda ilk olarak Denizli Sanayi Odas\u0131\u2019n\u0131n hayata ge\u00e7irdi\u011fi &#8220;Model Fabrika&#8221;n\u0131n a\u00e7\u0131l\u0131\u015f\u0131 ger\u00e7ekle\u015ftirilecek. \u00dcretimde verimlilik, dijital d\u00f6n\u00fc\u015f\u00fcm ve yal\u0131n \u00fcretim uygulamalar\u0131n\u0131n yayg\u0131nla\u015ft\u0131r\u0131lmas\u0131n\u0131 hedefleyen Model Fabrika, b\u00f6lge sanayisine yeni bir ivme kazand\u0131rmay\u0131 ama\u00e7l\u0131yor. A\u00e7\u0131l\u0131\u015f t\u00f6reninin ard\u0131ndan Hisarc\u0131kl\u0131o\u011flu, Denizli Sanayi Odas\u0131 Aral\u0131k Ay\u0131 Meclis Toplant\u0131s\u0131\u2019na konuk olacak. Sanayicilerle bir araya gelerek ekonomi, \u00fcretim ve ihracat g\u00fcndemlerine ili\u015fkin de\u011ferlendirmelerde bulunmas\u0131 bekleniyor.<br \/>\n<br \/>Denizli Sanayi Odas\u0131, TOBB Ba\u015fkan\u0131\u2019n\u0131n ziyaretiyle birlikte hem Model Fabrika\u2019n\u0131n resmen faaliyete ge\u00e7mesi hem de sekt\u00f6r temsilcilerinin beklenti ve taleplerini do\u011frudan payla\u015fma f\u0131rsat\u0131 bulacak \u00f6nemli bir g\u00fcne haz\u0131rlan\u0131yor.<br \/><\/p>\n","protected":false},"excerpt":{"rendered":"<p>T\u00fcrkiye Odalar ve Borsalar Birli\u011fi (TOBB) Ba\u015fkan\u0131 R\u0131fat Hisarc\u0131kl\u0131o\u011flu, 15 Aral\u0131k 2025 tarihinde Denizli\u2019ye gelerek Sanayi Odas\u0131\u2019n\u0131n davetlisi olarak iki \u00f6nemli programa kat\u0131lacak. T\u00fcrkiye Odalar ve Borsalar Birli\u011fi (TOBB) Ba\u015fkan\u0131 R\u0131fat Hisarc\u0131kl\u0131o\u011flu, 15 Aral\u0131k 2025 tarihinde Denizli\u2019ye geliyor. Ba\u015fkan Hisarc\u0131kl\u0131o\u011flu\u2019nun Denizli program\u0131 kapsam\u0131nda ilk olarak Denizli Sanayi Odas\u0131\u2019n\u0131n hayata ge\u00e7irdi\u011fi &#8220;Model Fabrika&#8221;n\u0131n a\u00e7\u0131l\u0131\u015f\u0131 ger\u00e7ekle\u015ftirilecek. \u00dcretimde&#8230;<\/p>\n","protected":false},"author":1,"featured_media":71985,"comment_status":"open","ping_status":"open","sticky":false,"template":"","format":"standard","meta":{"_crdt_document":"","footnotes":""},"categories":[125],"tags":[],"class_list":["post-71984","post","type-post","status-publish","format-standard","has-post-thumbnail","hentry","category-ekonomi"],"_links":{"self":[{"href":"https:\/\/www.egemtv.com\/index.php?rest_route=\/wp\/v2\/posts\/71984","targetHints":{"allow":["GET"]}}],"collection":[{"href":"https:\/\/www.egemtv.com\/index.php?rest_route=\/wp\/v2\/posts"}],"about":[{"href":"https:\/\/www.egemtv.com\/index.php?rest_route=\/wp\/v2\/types\/post"}],"author":[{"embeddable":true,"href":"https:\/\/www.egemtv.com\/index.php?rest_route=\/wp\/v2\/users\/1"}],"replies":[{"embeddable":true,"href":"https:\/\/www.egemtv.com\/index.php?rest_route=%2Fwp%2Fv2%2Fcomments&post=71984"}],"version-history":[{"count":1,"href":"https:\/\/www.egemtv.com\/index.php?rest_route=\/wp\/v2\/posts\/71984\/revisions"}],"predecessor-version":[{"id":71986,"href":"https:\/\/www.egemtv.com\/index.php?rest_route=\/wp\/v2\/posts\/71984\/revisions\/71986"}],"wp:featuredmedia":[{"embeddable":true,"href":"https:\/\/www.egemtv.com\/index.php?rest_route=\/wp\/v2\/media\/71985"}],"wp:attachment":[{"href":"https:\/\/www.egemtv.com\/index.php?rest_route=%2Fwp%2Fv2%2Fmedia&parent=71984"}],"wp:term":[{"taxonomy":"category","embeddable":true,"href":"https:\/\/www.egemtv.com\/index.php?rest_route=%2Fwp%2Fv2%2Fcategories&post=71984"},{"taxonomy":"post_tag","embeddable":true,"href":"https:\/\/www.egemtv.com\/index.php?rest_route=%2Fwp%2Fv2%2Ftags&post=71984"}],"curies":[{"name":"wp","href":"https:\/\/api.w.org\/{rel}","templated":true}]}}