{"id":71981,"date":"2025-12-04T13:36:10","date_gmt":"2025-12-04T10:36:10","guid":{"rendered":"https:\/\/www.egemtv.com\/?p=71981"},"modified":"2025-12-04T13:36:11","modified_gmt":"2025-12-04T10:36:11","slug":"cameli-belediyesi-personeli-engelli-bireyleri-evlerinde-ziyaret-etti","status":"publish","type":"post","link":"https:\/\/www.egemtv.com\/?p=71981","title":{"rendered":"\u00c7ameli Belediyesi personeli engelli bireyleri evlerinde ziyaret etti"},"content":{"rendered":"<p>\u00c7ameli Belediyesi personeli 3 Aral\u0131k D\u00fcnya Engelliler G\u00fcn\u00fc kapsam\u0131nda, engelli bireyleri evlerinde ziyaret ederek kendileri ve aileleriyle bir araya geldi.<br \/>\n<br \/>\u00c7ameli Belediyesi personelleri, \u00c7ameli\u2019de ki engelli vatanda\u015flar\u0131 ziyaret ederek g\u00f6n\u00fcl k\u00f6pr\u00fclerini g\u00fc\u00e7lendirdi. Ziyaretler hakk\u0131nda a\u00e7\u0131klama yapan \u00c7ameli Belediye Ba\u015fkan\u0131 Cengiz Arslan, &#8220;\u00c7ameli Belediyesi olarak engelli vatanda\u015flar\u0131n yaln\u0131zca bir g\u00fcn de\u011fil, y\u0131l\u0131n her g\u00fcn\u00fc s\u00fcrekli irtibat halinde olmaya, onlar\u0131n hayatlar\u0131n\u0131 kolayla\u015ft\u0131racak \u00e7al\u0131\u015fmalar\u0131 s\u00fcrd\u00fcrmeye b\u00fcy\u00fck \u00f6nem veriyoruz. Sosyal ya\u015fama kat\u0131l\u0131mlar\u0131n\u0131 art\u0131rmak i\u00e7in t\u00fcm imk\u00e2nlar\u0131m\u0131z\u0131 seferber etmeye devam edece\u011fiz. Engelli vatanda\u015flar\u0131m\u0131z\u0131n ya\u015fam standartlar\u0131n\u0131 y\u00fckseltmek, onlar\u0131n sosyal hayata daha g\u00fc\u00e7l\u00fc kat\u0131lmalar\u0131n\u0131 sa\u011flamak bizim temel g\u00f6revimizdir. Her zaman yanlar\u0131nda oldu\u011fumuzu bilmelerini ister, 3 Aral\u0131k D\u00fcnya Engelliler G\u00fcn\u00fc\u2019n\u00fcn fark\u0131ndal\u0131\u011f\u0131n artmas\u0131na vesile olmas\u0131n\u0131 temenni ederim.&#8221; dedi.<br \/><\/p>\n","protected":false},"excerpt":{"rendered":"<p>\u00c7ameli Belediyesi personeli 3 Aral\u0131k D\u00fcnya Engelliler G\u00fcn\u00fc kapsam\u0131nda, engelli bireyleri evlerinde ziyaret ederek kendileri ve aileleriyle bir araya geldi. \u00c7ameli Belediyesi personelleri, \u00c7ameli\u2019de ki engelli vatanda\u015flar\u0131 ziyaret ederek g\u00f6n\u00fcl k\u00f6pr\u00fclerini g\u00fc\u00e7lendirdi. Ziyaretler hakk\u0131nda a\u00e7\u0131klama yapan \u00c7ameli Belediye Ba\u015fkan\u0131 Cengiz Arslan, &#8220;\u00c7ameli Belediyesi olarak engelli vatanda\u015flar\u0131n yaln\u0131zca bir g\u00fcn de\u011fil, y\u0131l\u0131n her g\u00fcn\u00fc s\u00fcrekli irtibat&#8230;<\/p>\n","protected":false},"author":1,"featured_media":71982,"comment_status":"open","ping_status":"open","sticky":false,"template":"","format":"standard","meta":{"_crdt_document":"","footnotes":""},"categories":[123],"tags":[],"class_list":["post-71981","post","type-post","status-publish","format-standard","has-post-thumbnail","hentry","category-gundem"],"_links":{"self":[{"href":"https:\/\/www.egemtv.com\/index.php?rest_route=\/wp\/v2\/posts\/71981","targetHints":{"allow":["GET"]}}],"collection":[{"href":"https:\/\/www.egemtv.com\/index.php?rest_route=\/wp\/v2\/posts"}],"about":[{"href":"https:\/\/www.egemtv.com\/index.php?rest_route=\/wp\/v2\/types\/post"}],"author":[{"embeddable":true,"href":"https:\/\/www.egemtv.com\/index.php?rest_route=\/wp\/v2\/users\/1"}],"replies":[{"embeddable":true,"href":"https:\/\/www.egemtv.com\/index.php?rest_route=%2Fwp%2Fv2%2Fcomments&post=71981"}],"version-history":[{"count":1,"href":"https:\/\/www.egemtv.com\/index.php?rest_route=\/wp\/v2\/posts\/71981\/revisions"}],"predecessor-version":[{"id":71983,"href":"https:\/\/www.egemtv.com\/index.php?rest_route=\/wp\/v2\/posts\/71981\/revisions\/71983"}],"wp:featuredmedia":[{"embeddable":true,"href":"https:\/\/www.egemtv.com\/index.php?rest_route=\/wp\/v2\/media\/71982"}],"wp:attachment":[{"href":"https:\/\/www.egemtv.com\/index.php?rest_route=%2Fwp%2Fv2%2Fmedia&parent=71981"}],"wp:term":[{"taxonomy":"category","embeddable":true,"href":"https:\/\/www.egemtv.com\/index.php?rest_route=%2Fwp%2Fv2%2Fcategories&post=71981"},{"taxonomy":"post_tag","embeddable":true,"href":"https:\/\/www.egemtv.com\/index.php?rest_route=%2Fwp%2Fv2%2Ftags&post=71981"}],"curies":[{"name":"wp","href":"https:\/\/api.w.org\/{rel}","templated":true}]}}