{"id":71978,"date":"2025-12-04T13:36:09","date_gmt":"2025-12-04T10:36:09","guid":{"rendered":"https:\/\/www.egemtv.com\/?p=71978"},"modified":"2025-12-04T13:36:10","modified_gmt":"2025-12-04T10:36:10","slug":"muglanin-5-ilcesi-icin-kuvvetli-saganak-uyarisi","status":"publish","type":"post","link":"https:\/\/www.egemtv.com\/?p=71978","title":{"rendered":"Mu\u011fla\u2019n\u0131n 5 il\u00e7esi i\u00e7in kuvvetli sa\u011fanak uyar\u0131s\u0131"},"content":{"rendered":"<p>Meteoroloji Genel M\u00fcd\u00fcrl\u00fc\u011f\u00fc Antalya B\u00f6lgesel Tahmin Merkezinden yap\u0131lan uyar\u0131da, Mu\u011fla\u2019n\u0131n tamam\u0131nda Ortaca, Bodrum, Dat\u00e7a, Marmaris ve K\u00f6yce\u011fiz il\u00e7eleri i\u00e7in kuvvetli sa\u011fanak ya\u011f\u0131\u015f uyar\u0131s\u0131nda bulundu.<br \/>\n<br \/>Yap\u0131lan uyar\u0131da, &#8220;Yap\u0131lan son de\u011ferlendirmelere g\u00f6re; yar\u0131n Cuma (05.12.2025) g\u00f6r\u00fclecek sa\u011fanak ve g\u00f6k g\u00fcr\u00fclt\u00fcl\u00fc sa\u011fanak ya\u011f\u0131\u015flar\u0131n, sabah saatlerinden itibaren Mu\u011fla il genelinde kuvvetli (21-60 kg\/m2), Mu\u011fla\u2019n\u0131n k\u0131y\u0131 \u015feridinde (Ortaca, Bodrum, Dat\u00e7a, Marmaris, K\u00f6yce\u011fiz) \u00e7ok kuvvetli ve yer yer \u015fiddetli (51-100 kg\/m2) olmas\u0131 tahmin ediliyor. Ya\u011f\u0131\u015flar\u0131n, Cumartesi ( 06.12.2025) ak\u015fam saatlerinde etkisini kaybetmesi bekleniyor. Kuvvetli ya\u011f\u0131\u015f\u0131n sebep olabilece\u011fi ani sel, su bask\u0131n\u0131, heyelan, y\u0131ld\u0131r\u0131m, yerel dolu ya\u011f\u0131\u015f\u0131, ya\u011f\u0131\u015f an\u0131nda kuvvetli r\u00fczgar ve k\u0131sa s\u00fcreli f\u0131rt\u0131na ile ula\u015f\u0131mda aksamalar gibi olumsuzluklara kar\u015f\u0131 dikkatli ve tedbirli olunmal\u0131d\u0131r&#8221; denildi.<br \/><\/p>\n","protected":false},"excerpt":{"rendered":"<p>Meteoroloji Genel M\u00fcd\u00fcrl\u00fc\u011f\u00fc Antalya B\u00f6lgesel Tahmin Merkezinden yap\u0131lan uyar\u0131da, Mu\u011fla\u2019n\u0131n tamam\u0131nda Ortaca, Bodrum, Dat\u00e7a, Marmaris ve K\u00f6yce\u011fiz il\u00e7eleri i\u00e7in kuvvetli sa\u011fanak ya\u011f\u0131\u015f uyar\u0131s\u0131nda bulundu. Yap\u0131lan uyar\u0131da, &#8220;Yap\u0131lan son de\u011ferlendirmelere g\u00f6re; yar\u0131n Cuma (05.12.2025) g\u00f6r\u00fclecek sa\u011fanak ve g\u00f6k g\u00fcr\u00fclt\u00fcl\u00fc sa\u011fanak ya\u011f\u0131\u015flar\u0131n, sabah saatlerinden itibaren Mu\u011fla il genelinde kuvvetli (21-60 kg\/m2), Mu\u011fla\u2019n\u0131n k\u0131y\u0131 \u015feridinde (Ortaca, Bodrum, Dat\u00e7a,&#8230;<\/p>\n","protected":false},"author":1,"featured_media":71979,"comment_status":"open","ping_status":"open","sticky":false,"template":"","format":"standard","meta":{"_crdt_document":"","footnotes":""},"categories":[1],"tags":[],"class_list":["post-71978","post","type-post","status-publish","format-standard","has-post-thumbnail","hentry","category-guncel"],"_links":{"self":[{"href":"https:\/\/www.egemtv.com\/index.php?rest_route=\/wp\/v2\/posts\/71978","targetHints":{"allow":["GET"]}}],"collection":[{"href":"https:\/\/www.egemtv.com\/index.php?rest_route=\/wp\/v2\/posts"}],"about":[{"href":"https:\/\/www.egemtv.com\/index.php?rest_route=\/wp\/v2\/types\/post"}],"author":[{"embeddable":true,"href":"https:\/\/www.egemtv.com\/index.php?rest_route=\/wp\/v2\/users\/1"}],"replies":[{"embeddable":true,"href":"https:\/\/www.egemtv.com\/index.php?rest_route=%2Fwp%2Fv2%2Fcomments&post=71978"}],"version-history":[{"count":1,"href":"https:\/\/www.egemtv.com\/index.php?rest_route=\/wp\/v2\/posts\/71978\/revisions"}],"predecessor-version":[{"id":71980,"href":"https:\/\/www.egemtv.com\/index.php?rest_route=\/wp\/v2\/posts\/71978\/revisions\/71980"}],"wp:featuredmedia":[{"embeddable":true,"href":"https:\/\/www.egemtv.com\/index.php?rest_route=\/wp\/v2\/media\/71979"}],"wp:attachment":[{"href":"https:\/\/www.egemtv.com\/index.php?rest_route=%2Fwp%2Fv2%2Fmedia&parent=71978"}],"wp:term":[{"taxonomy":"category","embeddable":true,"href":"https:\/\/www.egemtv.com\/index.php?rest_route=%2Fwp%2Fv2%2Fcategories&post=71978"},{"taxonomy":"post_tag","embeddable":true,"href":"https:\/\/www.egemtv.com\/index.php?rest_route=%2Fwp%2Fv2%2Ftags&post=71978"}],"curies":[{"name":"wp","href":"https:\/\/api.w.org\/{rel}","templated":true}]}}