{"id":71969,"date":"2025-12-04T12:55:42","date_gmt":"2025-12-04T09:55:42","guid":{"rendered":"https:\/\/www.egemtv.com\/?p=71969"},"modified":"2025-12-04T12:55:43","modified_gmt":"2025-12-04T09:55:43","slug":"aydinda-ureticilere-74-bin-90-fide-dagitilacak","status":"publish","type":"post","link":"https:\/\/www.egemtv.com\/?p=71969","title":{"rendered":"Ayd\u0131n\u2019da \u00fcreticilere 74 bin 90 fide da\u011f\u0131t\u0131lacak"},"content":{"rendered":"<p>Ayd\u0131n \u0130l Tar\u0131m ve Orman M\u00fcd\u00fcrl\u00fc\u011f\u00fc ile Ayd\u0131n Valili\u011fi Yat\u0131r\u0131m \u0130zleme ve Koordinasyon Ba\u015fkanl\u0131\u011f\u0131 aras\u0131nda y\u00fcr\u00fct\u00fclen protokol kapsam\u0131nda temin edilen fidanlar\u0131n da\u011f\u0131t\u0131m t\u00f6reni ger\u00e7ekle\u015ftirildi.<br \/>\n<br \/>Ayd\u0131n\u2019da \u00fcreticilere 74 bin 90 fidenin da\u011f\u0131t\u0131m\u0131 i\u00e7in t\u00f6ren d\u00fczenlendi. Ayd\u0131n valisi Yakup Canbolat\u2019\u0131n kat\u0131l\u0131m\u0131 ile ger\u00e7ekle\u015ftirilen t\u00f6rende fideler \u00fcreticilere teslim edildi. Da\u011f\u0131t\u0131lan kestane, Memecik Zeytin ve Sar\u0131lop \u0130ncir Fidanlar\u0131 14 il\u00e7edeki \u00fcreticilere da\u011f\u0131t\u0131lmaya ba\u015fland\u0131.<br \/>\n<br \/>2024 y\u0131l\u0131nda Ayd\u0131n Valili\u011fi destekleriyle ba\u015flat\u0131lan projeler kapsam\u0131nda toplam 35 bin 827 adet kestane, b\u00f6\u011f\u00fcrtlen, ilek, sak\u0131z fidan\u0131 ve Antep f\u0131st\u0131\u011f\u0131 melengi\u00e7 \u00e7\u00f6\u011f\u00fcr\u00fc ile 12 bin 500 adet Akdeniz meyve sine\u011fi tuza\u011f\u0131 \u00fcreticilere ula\u015ft\u0131r\u0131lm\u0131\u015ft\u0131. Bu y\u0131l ise 14 il\u00e7edeki \u00fcreticilere, 32 bin 200 adet kestane,<br \/>\n<br \/>10 bin 430 adet Memecik Zeytin, 31 bin 460 adet Sar\u0131lop \u0130ncir Fidan\u0131 toplamda 74 bin 90 adet fidan da\u011f\u0131t\u0131l\u0131yor. Da\u011f\u0131t\u0131lan t\u00fcm fidanlar\u0131n y\u00fczde 50 \u00fcretici katk\u0131l\u0131, y\u00fczde 50 hibe destekli oldu\u011fu belirtildi. Fidanlar uzman personeller e\u015fli\u011finde \u00fcreticilere teslim edilirken, fidan dikimi ve dikim sonras\u0131 bak\u0131m konular\u0131nda bilgilendirme yap\u0131ld\u0131.<br \/>\n<br \/>Ayr\u0131ca Ayd\u0131n Adnan Menderes \u00dcniversitesi Ziraat Fak\u00fcltesinden Prof. Dr. Engin Ertan kendi geli\u015ftirmi\u015f oldu\u011fu kestane \u00e7e\u015fidi hakk\u0131nda \u00fcreticilere bilgilendirme yapt\u0131.<br \/>\n<br \/>T\u00f6rene; Ayd\u0131n Valisi Yakup Canbolat, Vali Yard\u0131mc\u0131s\u0131 Mehmet Y\u00fcce, Vali Yrd. Vekili Efeler \u0130l\u00e7e Kaymakam\u0131 \u0130lker Ar\u0131kan, Ayd\u0131n \u0130l Tar\u0131m ve Orman M\u00fcd\u00fcr\u00fc Ayhan Temiz, Ziraat Odas\u0131 Ba\u015fkan\u0131 Mehmet Kendirlio\u011flu ve \u00e7ok say\u0131da \u00fcretici kat\u0131l\u0131m sa\u011flad\u0131.<br \/><\/p>\n","protected":false},"excerpt":{"rendered":"<p>Ayd\u0131n \u0130l Tar\u0131m ve Orman M\u00fcd\u00fcrl\u00fc\u011f\u00fc ile Ayd\u0131n Valili\u011fi Yat\u0131r\u0131m \u0130zleme ve Koordinasyon Ba\u015fkanl\u0131\u011f\u0131 aras\u0131nda y\u00fcr\u00fct\u00fclen protokol kapsam\u0131nda temin edilen fidanlar\u0131n da\u011f\u0131t\u0131m t\u00f6reni ger\u00e7ekle\u015ftirildi. Ayd\u0131n\u2019da \u00fcreticilere 74 bin 90 fidenin da\u011f\u0131t\u0131m\u0131 i\u00e7in t\u00f6ren d\u00fczenlendi. Ayd\u0131n valisi Yakup Canbolat\u2019\u0131n kat\u0131l\u0131m\u0131 ile ger\u00e7ekle\u015ftirilen t\u00f6rende fideler \u00fcreticilere teslim edildi. Da\u011f\u0131t\u0131lan kestane, Memecik Zeytin ve Sar\u0131lop \u0130ncir Fidanlar\u0131 14&#8230;<\/p>\n","protected":false},"author":1,"featured_media":71970,"comment_status":"open","ping_status":"open","sticky":false,"template":"","format":"standard","meta":{"_crdt_document":"","footnotes":""},"categories":[1],"tags":[],"class_list":["post-71969","post","type-post","status-publish","format-standard","has-post-thumbnail","hentry","category-guncel"],"_links":{"self":[{"href":"https:\/\/www.egemtv.com\/index.php?rest_route=\/wp\/v2\/posts\/71969","targetHints":{"allow":["GET"]}}],"collection":[{"href":"https:\/\/www.egemtv.com\/index.php?rest_route=\/wp\/v2\/posts"}],"about":[{"href":"https:\/\/www.egemtv.com\/index.php?rest_route=\/wp\/v2\/types\/post"}],"author":[{"embeddable":true,"href":"https:\/\/www.egemtv.com\/index.php?rest_route=\/wp\/v2\/users\/1"}],"replies":[{"embeddable":true,"href":"https:\/\/www.egemtv.com\/index.php?rest_route=%2Fwp%2Fv2%2Fcomments&post=71969"}],"version-history":[{"count":1,"href":"https:\/\/www.egemtv.com\/index.php?rest_route=\/wp\/v2\/posts\/71969\/revisions"}],"predecessor-version":[{"id":71971,"href":"https:\/\/www.egemtv.com\/index.php?rest_route=\/wp\/v2\/posts\/71969\/revisions\/71971"}],"wp:featuredmedia":[{"embeddable":true,"href":"https:\/\/www.egemtv.com\/index.php?rest_route=\/wp\/v2\/media\/71970"}],"wp:attachment":[{"href":"https:\/\/www.egemtv.com\/index.php?rest_route=%2Fwp%2Fv2%2Fmedia&parent=71969"}],"wp:term":[{"taxonomy":"category","embeddable":true,"href":"https:\/\/www.egemtv.com\/index.php?rest_route=%2Fwp%2Fv2%2Fcategories&post=71969"},{"taxonomy":"post_tag","embeddable":true,"href":"https:\/\/www.egemtv.com\/index.php?rest_route=%2Fwp%2Fv2%2Ftags&post=71969"}],"curies":[{"name":"wp","href":"https:\/\/api.w.org\/{rel}","templated":true}]}}