{"id":71966,"date":"2025-12-04T12:35:37","date_gmt":"2025-12-04T09:35:37","guid":{"rendered":"https:\/\/www.egemtv.com\/?p=71966"},"modified":"2025-12-04T12:35:38","modified_gmt":"2025-12-04T09:35:38","slug":"aliaga-korfezi-mavi-donusum-projesi-tanitildi","status":"publish","type":"post","link":"https:\/\/www.egemtv.com\/?p=71966","title":{"rendered":"Alia\u011fa K\u00f6rfezi Mavi D\u00f6n\u00fc\u015f\u00fcm Projesi tan\u0131t\u0131ld\u0131"},"content":{"rendered":"<p>Alia\u011fa K\u00f6rfezi\u2019nde hayalet a\u011flar\u0131n temizlenmesi, deniz canl\u0131lar\u0131n\u0131n ya\u015fam alanlar\u0131n\u0131n iyile\u015ftirilmesi ve s\u00fcrd\u00fcr\u00fclebilir bal\u0131k\u00e7\u0131l\u0131\u011f\u0131n desteklenmesini ama\u00e7layan Alia\u011fa K\u00f6rfezi Mavi D\u00f6n\u00fc\u015f\u00fcm Projesi, geni\u015f kat\u0131l\u0131mla tan\u0131t\u0131ld\u0131.<br \/>\n<br \/>\u0130zmir Kalk\u0131nma Ajans\u0131\u2019n\u0131n (\u0130ZKA) &#8220;S\u00fcrd\u00fcr\u00fclebilir Denizler ve Su \u00dcr\u00fcnleri \u00dcretimi Mali Destek Program\u0131&#8221; kapsam\u0131nda desteklenen proje, \u0130MEAK Deniz Ticaret Odas\u0131 Alia\u011fa \u015eubesi konferans salonunda ger\u00e7ekle\u015ftirilen toplant\u0131yla kamuoyuna sunuldu. Proje; Alia\u011fa \u0130l\u00e7e Tar\u0131m ve Orman M\u00fcd\u00fcrl\u00fc\u011f\u00fc taraf\u0131ndan y\u00fcr\u00fct\u00fcl\u00fcrken, \u0130MEAK Deniz Ticaret Odas\u0131 Alia\u011fa \u015eubesi ile Alia\u011fa Merkez Su \u00dcr\u00fcnleri Kooperatifi proje orta\u011f\u0131 olarak g\u00f6rev alacak.<\/p>\n<p>B\u00f6lgenin denizel ekosistemi korumaya al\u0131nacak<br \/>\n<br \/>Toplant\u0131ya Alia\u011fa Kaymakam\u0131 Zekeriya G\u00fcney, Alia\u011fa Belediye Ba\u015fkan\u0131 Serkan Acar, Alia\u011fa Sahil G\u00fcvenlik Komutan\u0131 \u00dcstte\u011fmen Tugay Peker, Alia\u011fa B\u00f6lge Liman Ba\u015fkan\u0131 G\u00fcnhur \u015eanl\u0131, \u0130MEAK DTO Alia\u011fa \u015eube Ba\u015fkan\u0131 Adem \u015eim\u015fek, Alia\u011fa \u0130l\u00e7e Tar\u0131m ve Orman M\u00fcd\u00fcr\u00fc Mazlum Selim Aksakal, \u0130ZKA Genel Sekreter Vekili Ar\u0131n H\u00fcner, sekt\u00f6r temsilcileri ve bal\u0131k\u00e7\u0131 kooperatifleri kat\u0131ld\u0131.<br \/>\n<br \/>Tar\u0131m M\u00fcd\u00fcrl\u00fc\u011f\u00fc uzmanlar\u0131 taraf\u0131ndan yap\u0131lan sunumda; denizel ekosistemin korunmas\u0131, biyolojik \u00e7e\u015fitlili\u011fin art\u0131r\u0131lmas\u0131, hayalet bal\u0131k a\u011flar\u0131n\u0131n temizlenmesi, dip at\u0131klar\u0131n\u0131n bertaraf edilmesi ve s\u00fcrd\u00fcr\u00fclebilir su \u00fcr\u00fcnleri \u00fcretiminin desteklenmesine y\u00f6nelik faaliyetler anlat\u0131ld\u0131.<\/p>\n<p>Adem \u015eim\u015fek: &#8220;4 tona yak\u0131n hayalet a\u011f temizli\u011fi hedefliyoruz&#8221;<br \/>\n<br \/>Program\u0131n a\u00e7\u0131l\u0131\u015f konu\u015fmalar\u0131nda s\u00f6z alan \u0130MEAK Deniz Ticaret Odas\u0131 Alia\u011fa \u015eube Ba\u015fkan\u0131 Adem \u015eim\u015fek, projenin b\u00f6lge a\u00e7\u0131s\u0131ndan \u00f6nem ta\u015f\u0131d\u0131\u011f\u0131n\u0131 belirtti. \u015eim\u015fek, &#8220;Bu projenin orta\u011f\u0131 olmaktan memnuniyet duyuyoruz. Merkezimizden ald\u0131\u011f\u0131m\u0131z yetkiyle projenin y\u00fczde 25\u2019ine destek sa\u011flad\u0131k. Alia\u011fa Mavi D\u00f6n\u00fc\u015f\u00fcm Projesi kapsam\u0131nda tespit edilen yakla\u015f\u0131k 4 tona yak\u0131n hayalet a\u011f\u0131n temizlenmesi hedefleniyor. Proje bununla s\u0131n\u0131rl\u0131 de\u011fil; denizel ekosistemin korunmas\u0131 ve biyolojik \u00e7e\u015fitlili\u011fin art\u0131r\u0131lmas\u0131 i\u00e7in \u00e7ok say\u0131da \u00e7al\u0131\u015fma y\u00fcr\u00fct\u00fclecek. Eme\u011fi ge\u00e7en herkese te\u015fekk\u00fcr ediyorum.&#8221; dedi.<\/p>\n<p>Kaymakam G\u00fcney: &#8220;Denizin alt\u0131nda korunmas\u0131 gereken zengin bir ya\u015fam var&#8221;<br \/>\n<br \/>Alia\u011fa Kaymakam\u0131 Zekeriya G\u00fcney, hayalet a\u011flar\u0131n deniz ekosistemine verdi\u011fi zarar\u0131n uzun s\u00fcredir g\u00fcndemde oldu\u011funu belirterek y\u00fcr\u00fct\u00fclen \u00e7al\u0131\u015fman\u0131n \u00f6nemine dikkat \u00e7ekti.<br \/>\n<br \/>G\u00fcney, &#8220;B\u00f6ylesine anlaml\u0131 bir projenin tan\u0131t\u0131m\u0131nda bulunmaktan mutluluk duyuyorum. Devam eden yapay resif projesiyle birlikte \u00e7al\u0131\u015fmalar\u0131n e\u015f zamanl\u0131 ilerlemesi, denizlerimizin daha temiz ve ya\u015fanabilir hale gelmesine katk\u0131 sa\u011flayacakt\u0131r. Biz \u00e7o\u011fu zaman sadece denizin \u00fczerini g\u00f6r\u00fcyoruz; oysa alt\u0131nda korunmas\u0131 gereken zengin bir ya\u015fam var. Eme\u011fi ge\u00e7en herkese te\u015fekk\u00fcr ediyorum.&#8221; ifadelerini kulland\u0131.<\/p>\n<p>Aksakal: &#8220;Hem do\u011fal ya\u015fam\u0131 hem bal\u0131k\u00e7\u0131lar\u0131m\u0131z\u0131 koruyaca\u011f\u0131z&#8221;<br \/>\n<br \/>Alia\u011fa \u0130l\u00e7e Tar\u0131m ve Orman M\u00fcd\u00fcr\u00fc Mazlum Selim Aksakal, yapt\u0131\u011f\u0131 kapsaml\u0131 sunumda il\u00e7enin 63 kilometrelik k\u0131y\u0131 \u015feridi, do\u011fal yap\u0131s\u0131 ve bal\u0131k\u00e7\u0131l\u0131k potansiyeline ili\u015fkin bilgiler payla\u015ft\u0131. Aksakal, b\u00f6lgede \u00fc\u00e7 su \u00fcr\u00fcnleri kooperatifi, bir bal\u0131k\u00e7\u0131lar derne\u011fi, 126 bal\u0131k\u00e7\u0131 teknesi, 100\u2019\u00fcn \u00fczerinde ticari bal\u0131k\u00e7\u0131 ve binden fazla amat\u00f6r bal\u0131k\u00e7\u0131n\u0131n aktif oldu\u011funu belirterek y\u0131ll\u0131k su \u00fcr\u00fcnleri \u00fcretiminin 640 tonun \u00fczerinde oldu\u011funu aktard\u0131. Aksakal, &#8220;Hayalet a\u011flar, dip kirlili\u011fi, yo\u011fun deniz trafi\u011fi, daralan avlanma alanlar\u0131 ve iklim de\u011fi\u015fikli\u011finin etkileri bal\u0131k\u00e7\u0131l\u0131\u011f\u0131 ve deniz ekosistemini olumsuz etkiliyor. Amac\u0131m\u0131z yaln\u0131zca sorunlar\u0131 belirlemek de\u011fil; onlara kal\u0131c\u0131 \u00e7\u00f6z\u00fcmler \u00fcretmek ve gelecek nesillere daha temiz bir k\u00f6rfez b\u0131rakmak.&#8221; dedi.<\/p>\n<p>&#8220;Midye yuvalar\u0131 ve yapay resifler g\u00fc\u00e7lendirilecek&#8221;<br \/>\n<br \/>Proje kapsam\u0131nda; hayalet a\u011flar\u0131n \u00e7\u0131kar\u0131lmas\u0131, k\u0131y\u0131 temizli\u011fi, midye yuvalar\u0131n\u0131n yerle\u015ftirilmesi, yapay resiflerin g\u00fc\u00e7lendirilmesi ve deniz suyunun filtrelenmesini destekleyen uygulamalara a\u011f\u0131rl\u0131k verilece\u011fi belirtildi. Aksakal, &#8220;Projenin hayata ge\u00e7mesiyle birlikte bal\u0131k stoklar\u0131nda art\u0131\u015f, k\u0131y\u0131 ekonomisinde g\u00fc\u00e7lenme, s\u00fcrd\u00fcr\u00fclebilir \u00fcretimin desteklenmesi ve \u00e7evre bilincinin geli\u015fmesi hedefleniyor. Proje, b\u00f6lgeye sosyal ve ekonomik a\u00e7\u0131dan \u00e7ok y\u00f6nl\u00fc katk\u0131 sa\u011flayacakt\u0131r.&#8221; ifadelerini kulland\u0131.<br \/>\n<br \/>Toplant\u0131, su \u00fcr\u00fcnleri m\u00fchendisleri Beyza Kasar ve Yusuf Eren \u015eahin\u2019in proje sunumlar\u0131n\u0131n ard\u0131ndan tamamland\u0131. Program, kat\u0131l\u0131mc\u0131lar\u0131n toplu foto\u011fraf \u00e7ekimiyle sona erdi.<br \/><\/p>\n","protected":false},"excerpt":{"rendered":"<p>Alia\u011fa K\u00f6rfezi\u2019nde hayalet a\u011flar\u0131n temizlenmesi, deniz canl\u0131lar\u0131n\u0131n ya\u015fam alanlar\u0131n\u0131n iyile\u015ftirilmesi ve s\u00fcrd\u00fcr\u00fclebilir bal\u0131k\u00e7\u0131l\u0131\u011f\u0131n desteklenmesini ama\u00e7layan Alia\u011fa K\u00f6rfezi Mavi D\u00f6n\u00fc\u015f\u00fcm Projesi, geni\u015f kat\u0131l\u0131mla tan\u0131t\u0131ld\u0131. \u0130zmir Kalk\u0131nma Ajans\u0131\u2019n\u0131n (\u0130ZKA) &#8220;S\u00fcrd\u00fcr\u00fclebilir Denizler ve Su \u00dcr\u00fcnleri \u00dcretimi Mali Destek Program\u0131&#8221; kapsam\u0131nda desteklenen proje, \u0130MEAK Deniz Ticaret Odas\u0131 Alia\u011fa \u015eubesi konferans salonunda ger\u00e7ekle\u015ftirilen toplant\u0131yla kamuoyuna sunuldu. Proje; Alia\u011fa \u0130l\u00e7e Tar\u0131m&#8230;<\/p>\n","protected":false},"author":1,"featured_media":71967,"comment_status":"open","ping_status":"open","sticky":false,"template":"","format":"standard","meta":{"_crdt_document":"","footnotes":""},"categories":[1],"tags":[],"class_list":["post-71966","post","type-post","status-publish","format-standard","has-post-thumbnail","hentry","category-guncel"],"_links":{"self":[{"href":"https:\/\/www.egemtv.com\/index.php?rest_route=\/wp\/v2\/posts\/71966","targetHints":{"allow":["GET"]}}],"collection":[{"href":"https:\/\/www.egemtv.com\/index.php?rest_route=\/wp\/v2\/posts"}],"about":[{"href":"https:\/\/www.egemtv.com\/index.php?rest_route=\/wp\/v2\/types\/post"}],"author":[{"embeddable":true,"href":"https:\/\/www.egemtv.com\/index.php?rest_route=\/wp\/v2\/users\/1"}],"replies":[{"embeddable":true,"href":"https:\/\/www.egemtv.com\/index.php?rest_route=%2Fwp%2Fv2%2Fcomments&post=71966"}],"version-history":[{"count":1,"href":"https:\/\/www.egemtv.com\/index.php?rest_route=\/wp\/v2\/posts\/71966\/revisions"}],"predecessor-version":[{"id":71968,"href":"https:\/\/www.egemtv.com\/index.php?rest_route=\/wp\/v2\/posts\/71966\/revisions\/71968"}],"wp:featuredmedia":[{"embeddable":true,"href":"https:\/\/www.egemtv.com\/index.php?rest_route=\/wp\/v2\/media\/71967"}],"wp:attachment":[{"href":"https:\/\/www.egemtv.com\/index.php?rest_route=%2Fwp%2Fv2%2Fmedia&parent=71966"}],"wp:term":[{"taxonomy":"category","embeddable":true,"href":"https:\/\/www.egemtv.com\/index.php?rest_route=%2Fwp%2Fv2%2Fcategories&post=71966"},{"taxonomy":"post_tag","embeddable":true,"href":"https:\/\/www.egemtv.com\/index.php?rest_route=%2Fwp%2Fv2%2Ftags&post=71966"}],"curies":[{"name":"wp","href":"https:\/\/api.w.org\/{rel}","templated":true}]}}