{"id":71963,"date":"2025-12-04T12:35:36","date_gmt":"2025-12-04T09:35:36","guid":{"rendered":"https:\/\/www.egemtv.com\/?p=71963"},"modified":"2025-12-04T12:35:37","modified_gmt":"2025-12-04T09:35:37","slug":"ayesob-baskani-kunkcu-esnafa-25-milyon-tllik-makine-kredisi-2026da-basliyor","status":"publish","type":"post","link":"https:\/\/www.egemtv.com\/?p=71963","title":{"rendered":"AYESOB Ba\u015fkan\u0131 K\u00fcnkc\u00fc: &#8220;Esnafa 2,5 Milyon TL\u2019lik makine kredisi 2026\u2019da ba\u015fl\u0131yor&#8221;"},"content":{"rendered":"<p>Ayd\u0131n Esnaf ve Sanatkarlar Odalar\u0131 Birli\u011fi Ba\u015fkan\u0131 Muhammet Ali K\u00fcnkc\u00fc, esnaf ve k\u00fc\u00e7\u00fck i\u015fletmeler i\u00e7in b\u00fcy\u00fck \u00f6nem ta\u015f\u0131yan yeni kredi destek paketine ili\u015fkin de\u011ferlendirmelerde bulundu.<\/p>\n<p>AYESOB Ba\u015fkan\u0131 K\u00fcnkc\u00fc, Esnaf Kredi Kooperatifleri taraf\u0131ndan yerli ve s\u0131f\u0131r makine al\u0131mlar\u0131nda i\u015fletmelere 2,5 milyon TL\u2019ye kadar kredi deste\u011finin 01 Ocak 2026 tarihinden itibaren verilmeye ba\u015flanaca\u011f\u0131n\u0131 belirterek, bu ad\u0131m\u0131n hem \u00fcretim kapasitesini art\u0131rmak hem de i\u015fletmelerin modernle\u015fme s\u00fcrecine h\u0131z kazand\u0131rmak a\u00e7\u0131s\u0131ndan son derece de\u011ferli oldu\u011funu vurgulad\u0131.<\/p>\n<p>K\u00fcnkc\u00fc, &#8220;Bu destek; \u00fcretimde g\u00fc\u00e7lenmek, i\u015f hacmini b\u00fcy\u00fctmek, teknolojik d\u00f6n\u00fc\u015f\u00fcme ayak uydurmak ve tesisle\u015fme-sanayile\u015fme yolunda daha sa\u011flam ad\u0131mlar atmak isteyen t\u00fcm esnaflar\u0131m\u0131z i\u00e7in \u00f6nemli bir f\u0131rsatt\u0131r. \u0130\u015fletmesini yenilemek, verimli hale getirmek veya makine park\u0131n\u0131 g\u00fcncellemek isteyen herkes i\u00e7in ciddi bir avantaj sunuyor&#8221; dedi.<\/p>\n<p>Kredi deste\u011finden yararlanabilmek i\u00e7in SGK ve vergi borcu bulunmamas\u0131 gerekti\u011fini, bu bor\u00e7lar\u0131n\u0131 yap\u0131land\u0131rm\u0131\u015f olan i\u015fletmelerin de destekten faydalanabilece\u011fini hat\u0131rlatan K\u00fcnkc\u00fc, esnaf\u0131n bu noktaya \u00f6zellikle dikkat etmesi gerekti\u011fini ifade etti.<\/p>\n<p>K\u00fcnkc\u00fc a\u00e7\u0131klamas\u0131n\u0131, &#8220;T\u00fcm esnaflar\u0131m\u0131za bol kazan\u00e7, bereketli i\u015fler diliyorum. Bu desteklerin i\u015flerinizi b\u00fcy\u00fctmeye, hedeflerinize daha h\u0131zl\u0131 ula\u015fmaya katk\u0131 sunmas\u0131n\u0131 temenni ediyorum. Yolunuz a\u00e7\u0131k, i\u015finiz daim olsun&#8221; s\u00f6zleriyle tamamlad\u0131.<br \/><\/p>\n","protected":false},"excerpt":{"rendered":"<p>Ayd\u0131n Esnaf ve Sanatkarlar Odalar\u0131 Birli\u011fi Ba\u015fkan\u0131 Muhammet Ali K\u00fcnkc\u00fc, esnaf ve k\u00fc\u00e7\u00fck i\u015fletmeler i\u00e7in b\u00fcy\u00fck \u00f6nem ta\u015f\u0131yan yeni kredi destek paketine ili\u015fkin de\u011ferlendirmelerde bulundu. AYESOB Ba\u015fkan\u0131 K\u00fcnkc\u00fc, Esnaf Kredi Kooperatifleri taraf\u0131ndan yerli ve s\u0131f\u0131r makine al\u0131mlar\u0131nda i\u015fletmelere 2,5 milyon TL\u2019ye kadar kredi deste\u011finin 01 Ocak 2026 tarihinden itibaren verilmeye ba\u015flanaca\u011f\u0131n\u0131 belirterek, bu ad\u0131m\u0131n hem&#8230;<\/p>\n","protected":false},"author":1,"featured_media":71964,"comment_status":"open","ping_status":"open","sticky":false,"template":"","format":"standard","meta":{"_crdt_document":"","footnotes":""},"categories":[125],"tags":[],"class_list":["post-71963","post","type-post","status-publish","format-standard","has-post-thumbnail","hentry","category-ekonomi"],"_links":{"self":[{"href":"https:\/\/www.egemtv.com\/index.php?rest_route=\/wp\/v2\/posts\/71963","targetHints":{"allow":["GET"]}}],"collection":[{"href":"https:\/\/www.egemtv.com\/index.php?rest_route=\/wp\/v2\/posts"}],"about":[{"href":"https:\/\/www.egemtv.com\/index.php?rest_route=\/wp\/v2\/types\/post"}],"author":[{"embeddable":true,"href":"https:\/\/www.egemtv.com\/index.php?rest_route=\/wp\/v2\/users\/1"}],"replies":[{"embeddable":true,"href":"https:\/\/www.egemtv.com\/index.php?rest_route=%2Fwp%2Fv2%2Fcomments&post=71963"}],"version-history":[{"count":1,"href":"https:\/\/www.egemtv.com\/index.php?rest_route=\/wp\/v2\/posts\/71963\/revisions"}],"predecessor-version":[{"id":71965,"href":"https:\/\/www.egemtv.com\/index.php?rest_route=\/wp\/v2\/posts\/71963\/revisions\/71965"}],"wp:featuredmedia":[{"embeddable":true,"href":"https:\/\/www.egemtv.com\/index.php?rest_route=\/wp\/v2\/media\/71964"}],"wp:attachment":[{"href":"https:\/\/www.egemtv.com\/index.php?rest_route=%2Fwp%2Fv2%2Fmedia&parent=71963"}],"wp:term":[{"taxonomy":"category","embeddable":true,"href":"https:\/\/www.egemtv.com\/index.php?rest_route=%2Fwp%2Fv2%2Fcategories&post=71963"},{"taxonomy":"post_tag","embeddable":true,"href":"https:\/\/www.egemtv.com\/index.php?rest_route=%2Fwp%2Fv2%2Ftags&post=71963"}],"curies":[{"name":"wp","href":"https:\/\/api.w.org\/{rel}","templated":true}]}}