{"id":71960,"date":"2025-12-04T12:15:38","date_gmt":"2025-12-04T09:15:38","guid":{"rendered":"https:\/\/www.egemtv.com\/?p=71960"},"modified":"2025-12-04T12:15:39","modified_gmt":"2025-12-04T09:15:39","slug":"tufekle-oynarken-kiz-arkadasinin-olumune-sebep-olan-liseli-cocuk-tutuklandi","status":"publish","type":"post","link":"https:\/\/www.egemtv.com\/?p=71960","title":{"rendered":"T\u00fcfekle oynarken k\u0131z arkada\u015f\u0131n\u0131n \u00f6l\u00fcm\u00fcne sebep olan liseli \u00e7ocuk tutukland\u0131"},"content":{"rendered":"<p>Denizli\u2019de 15 ya\u015f\u0131ndaki \u00e7ocuk, evde ailesi yokken \u00e7a\u011f\u0131rd\u0131\u011f\u0131 k\u0131z arkada\u015f\u0131yla otururken, babas\u0131na ait olan ruhsats\u0131z av t\u00fcfe\u011fi ile oynad\u0131\u011f\u0131 s\u0131rada, silah birden ate\u015f ald\u0131. T\u00fcfe\u011fin sa\u00e7malar\u0131n\u0131n, ayn\u0131 ya\u015fta oldu\u011fu k\u0131z arkada\u015f\u0131n\u0131n ba\u015f\u0131na isabet etmesi sonucu k\u0131z \u00e7ocu\u011fu olay yerinde hayat\u0131n\u0131 kaybetti. Olay yerinden ka\u00e7\u0131p yakalanan liseli \u00e7ocuk tutuklanarak cezaevine g\u00f6nderildi.<br \/>\n<br \/>Olay, iki g\u00fcn \u00f6nce ak\u015fam 17.00 s\u0131ralar\u0131nda Pamukkale il\u00e7esi Akk\u00f6y Mahallesi\u2019nde meydana geldi. Edinilen bilgilere g\u00f6re, lise \u00f6\u011frencisi olan Burak K. (15), ailesiyle birlikte ya\u015fad\u0131\u011f\u0131 evinde yaln\u0131z bulundu\u011fu s\u0131rada k\u0131z arkada\u015f\u0131 olan \u0130ran vatanda\u015f\u0131 Zahra Jahani\u2019yi (15) davet etti. K\u0131z karde\u015fi ile birlikte erkek arkada\u015f\u0131n\u0131n evine giden Jahani, bir s\u00fcre sonra erkek arkada\u015f\u0131 ile tart\u0131\u015ft\u0131. Burak K., babas\u0131na ait ruhsats\u0131z av t\u00fcfe\u011fini odadan getirip oynarken, silah birden ate\u015f ald\u0131. T\u00fcfekten \u00e7\u0131kan sa\u00e7malar, Zahra Jahani\u2019nin ba\u015f\u0131na isabet etti. Jahani\u2019nin kanlar i\u00e7inde yere y\u0131\u011f\u0131ld\u0131\u011f\u0131n\u0131n g\u00f6ren k\u0131z karde\u015fi d\u0131\u015far\u0131 \u00e7\u0131karak, \u2019Ablam\u0131 \u00f6ld\u00fcrd\u00fc\u2019 diye ba\u011f\u0131rd\u0131.<br \/>\n<br \/>Korkuyla pani\u011fe kap\u0131lan Burak K., evden ka\u00e7t\u0131. \u00c7evredeki vatanda\u015flar\u0131n ihbar\u0131 \u00fczerine b\u00f6lgeye sa\u011fl\u0131k ve jandarma ekipleri sevk edildi.<br \/>\n<br \/>Olay yerine gelen sa\u011fl\u0131k ekipleri, ba\u015f\u0131ndan vurulan Jahani\u2019nin hayat\u0131n\u0131 kaybetti\u011fini belirledi. Olay\u0131n ard\u0131ndan evden ka\u00e7an Burak K. evin yakla\u015f\u0131k 4 kilometre uzakl\u0131kta bulunan Karakaya Da\u011f\u0131\u2019nda jandarma ekipler taraf\u0131ndan yakalanarak g\u00f6zalt\u0131na al\u0131nd\u0131.<br \/>\n<br \/>T\u00fcfekle oynarken k\u0131z arkada\u015f\u0131n\u0131n \u00f6l\u00fcm\u00fcne neden olan \u00e7ocu\u011fun al\u0131nan ilk ifadesinde, &#8220;\u015eakas\u0131na t\u00fcfe\u011fi y\u00fcz\u00fcne do\u011fru do\u011frulttum. Zahra Jahani ise \u2019Yapamazs\u0131n\u2019 dedi. Ben de i\u00e7i bo\u015f sanarak teti\u011fe bast\u0131m, t\u00fcfek birden ate\u015f ald\u0131&#8221; dedi\u011fi \u00f6\u011frenildi.<br \/>\n<br \/>Yakalanan Burak K. \u00e7\u0131kar\u0131ld\u0131\u011f\u0131 mahkemece tutuklanarak cezaevine sevk edildi.<br \/><\/p>\n","protected":false},"excerpt":{"rendered":"<p>Denizli\u2019de 15 ya\u015f\u0131ndaki \u00e7ocuk, evde ailesi yokken \u00e7a\u011f\u0131rd\u0131\u011f\u0131 k\u0131z arkada\u015f\u0131yla otururken, babas\u0131na ait olan ruhsats\u0131z av t\u00fcfe\u011fi ile oynad\u0131\u011f\u0131 s\u0131rada, silah birden ate\u015f ald\u0131. T\u00fcfe\u011fin sa\u00e7malar\u0131n\u0131n, ayn\u0131 ya\u015fta oldu\u011fu k\u0131z arkada\u015f\u0131n\u0131n ba\u015f\u0131na isabet etmesi sonucu k\u0131z \u00e7ocu\u011fu olay yerinde hayat\u0131n\u0131 kaybetti. Olay yerinden ka\u00e7\u0131p yakalanan liseli \u00e7ocuk tutuklanarak cezaevine g\u00f6nderildi. Olay, iki g\u00fcn \u00f6nce ak\u015fam&#8230;<\/p>\n","protected":false},"author":1,"featured_media":71961,"comment_status":"open","ping_status":"open","sticky":false,"template":"","format":"standard","meta":{"_crdt_document":"","footnotes":""},"categories":[5],"tags":[],"class_list":["post-71960","post","type-post","status-publish","format-standard","has-post-thumbnail","hentry","category-asayis"],"_links":{"self":[{"href":"https:\/\/www.egemtv.com\/index.php?rest_route=\/wp\/v2\/posts\/71960","targetHints":{"allow":["GET"]}}],"collection":[{"href":"https:\/\/www.egemtv.com\/index.php?rest_route=\/wp\/v2\/posts"}],"about":[{"href":"https:\/\/www.egemtv.com\/index.php?rest_route=\/wp\/v2\/types\/post"}],"author":[{"embeddable":true,"href":"https:\/\/www.egemtv.com\/index.php?rest_route=\/wp\/v2\/users\/1"}],"replies":[{"embeddable":true,"href":"https:\/\/www.egemtv.com\/index.php?rest_route=%2Fwp%2Fv2%2Fcomments&post=71960"}],"version-history":[{"count":1,"href":"https:\/\/www.egemtv.com\/index.php?rest_route=\/wp\/v2\/posts\/71960\/revisions"}],"predecessor-version":[{"id":71962,"href":"https:\/\/www.egemtv.com\/index.php?rest_route=\/wp\/v2\/posts\/71960\/revisions\/71962"}],"wp:featuredmedia":[{"embeddable":true,"href":"https:\/\/www.egemtv.com\/index.php?rest_route=\/wp\/v2\/media\/71961"}],"wp:attachment":[{"href":"https:\/\/www.egemtv.com\/index.php?rest_route=%2Fwp%2Fv2%2Fmedia&parent=71960"}],"wp:term":[{"taxonomy":"category","embeddable":true,"href":"https:\/\/www.egemtv.com\/index.php?rest_route=%2Fwp%2Fv2%2Fcategories&post=71960"},{"taxonomy":"post_tag","embeddable":true,"href":"https:\/\/www.egemtv.com\/index.php?rest_route=%2Fwp%2Fv2%2Ftags&post=71960"}],"curies":[{"name":"wp","href":"https:\/\/api.w.org\/{rel}","templated":true}]}}