{"id":71957,"date":"2025-12-04T11:54:49","date_gmt":"2025-12-04T08:54:49","guid":{"rendered":"https:\/\/www.egemtv.com\/?p=71957"},"modified":"2025-12-04T11:54:50","modified_gmt":"2025-12-04T08:54:50","slug":"izmirde-saglik-turizmi-icin-birlik-olma-cagrisi","status":"publish","type":"post","link":"https:\/\/www.egemtv.com\/?p=71957","title":{"rendered":"\u0130zmir\u2019de sa\u011fl\u0131k turizmi i\u00e7in birlik olma \u00e7a\u011fr\u0131s\u0131"},"content":{"rendered":"<p>Bu y\u0131l 19\u2019uncusu ger\u00e7ekle\u015ftirilen TTI \u0130zmir Fuar\u0131\u2019n\u0131n kap\u0131lar\u0131 a\u00e7\u0131ld\u0131. Fuarda, Sa\u011fl\u0131k Turizmi s\u00f6yle\u015fisinin konu\u011fu olan \u0130ZFA\u015e Sa\u011fl\u0131k Sponsoru Medicana International \u0130zmir Hastanesi Genel M\u00fcd\u00fcr\u00fc Dr. \u00d6\u011fretim \u00dcyesi Remzi Kar\u015f\u0131, \u0130zmir\u2019in sa\u011fl\u0131k turizmi i\u00e7in yeterli alt yap\u0131ya sahip oldu\u011funun alt\u0131n\u0131 \u00e7izerek, &#8220;\u0130zmir\u2019deki t\u00fcm payda\u015flar el ele vererek bir politika i\u00e7erisine girilmeli. Bunun i\u00e7inde devletin olmas\u0131 ve \u0130zmir\u2019in sa\u011fl\u0131k turizminde \u00f6n plana \u00e7\u0131karacak stratejilerin birlikte belirlenmesi gerekiyor. Bence hi\u00e7bir \u00f6zel hastane sa\u011fl\u0131k turizminde bir di\u011feriyle yar\u0131\u015fmaz ya da rakip de\u011fildir. Buna b\u00fct\u00fcnc\u00fcl bak\u0131labildi\u011fi m\u00fcddet\u00e7e do\u011fru sonu\u00e7lara ula\u015f\u0131labilir&#8221; diye konu\u015ftu.<br \/>\n<br \/>T\u00fcrkiye\u2019nin en b\u00fcy\u00fck uluslararas\u0131 turizm platformu olan TTI \u0130zmir 2025- 19. Uluslararas\u0131 Turizm Ticaret Fuar ve Kongresi ziyarete a\u00e7\u0131ld\u0131. D\u00fcnyan\u0131n d\u00f6rt bir yan\u0131ndan sa\u011fl\u0131k profesyonellerinin bir araya geldi\u011fi fuarda sekt\u00f6r\u00fcn \u00f6nde gelen temsilcileri de TTI Stage sahnesinden de\u011ferlendirmelerde bulundu. TTI Stage\u2019in en \u00f6nemli s\u00f6yle\u015fi ba\u015fl\u0131klar\u0131ndan biri de, moderat\u00f6rl\u00fc\u011f\u00fcn\u00fc T\u00fcrkiye Sa\u011fl\u0131kl\u0131 Kentler Birli\u011fi Genel Sekreteri G\u00f6k\u00e7e Ba\u015fkaya\u2019n\u0131n yapt\u0131\u011f\u0131 \u2018Sa\u011fl\u0131k Turizmi\u2019 s\u00f6yle\u015fisi oldu. S\u00f6yle\u015fide, Medicana International \u0130zmir Hastanesi Genel M\u00fcd\u00fcr\u00fc Dr. \u00d6\u011fretim \u00dcyesi Remzi Kar\u015f\u0131, \u0130zmir Ticaret Odas\u0131 (\u0130ZTO) Y\u00f6netim Kurulu \u00dcyesi O\u011fuz \u00d6zkarde\u015f ve E\u015frefpa\u015fa Hastanesi Ba\u015fhekim Yard\u0131mc\u0131s\u0131 Uzm. Dr. Filiz Da\u011f konu\u015fmac\u0131 olarak yer ald\u0131.<\/p>\n<p>Sa\u011fl\u0131kta g\u00fc\u00e7l\u00fc bir \u0130zmir var<br \/>\n<br \/>\u0130zmir\u2019in tarihsel ge\u00e7mi\u015finin ve bug\u00fcnk\u00fc g\u00fc\u00e7l\u00fc alt yap\u0131s\u0131n\u0131n sa\u011fl\u0131k turizminde marka \u015fehir olmas\u0131na sa\u011flayabilece\u011fine dikkat \u00e7eken Dr. \u00d6\u011fretim \u00dcyesi Remzi Kar\u015f\u0131, &#8220;\u0130zmir\u2019in tarihsel ge\u00e7mi\u015fiyle Asklepion\u2019dan bug\u00fcne gelen tarihsel ge\u00e7mi\u015finin yan\u0131 s\u0131ra teknolojiyle, uluslararas\u0131 akreditasyonla, iyi yeti\u015fmi\u015f hekimlerle, \u00e7ok donan\u0131ml\u0131 hastanelerle \u00e7ok ciddi bir sa\u011fl\u0131k alt yap\u0131s\u0131na ula\u015ft\u0131. \u0130zmir\u2019in sa\u011fl\u0131k alt yap\u0131s\u0131yla ilgili bir problem yok. Bizim burada konu\u015fmam\u0131z gereken; sa\u011fl\u0131k turizminden yola \u00e7\u0131karak bu art\u0131lar\u0131n\u0131 turizm i\u00e7in nas\u0131l kullanaca\u011f\u0131m\u0131z. \u0130zmir\u2019in teknik olarak bir dar bo\u011faz\u0131 var. O da hava k\u00f6pr\u00fcs\u00fcyle ba\u011fl\u0131 oldu\u011fu destinasyonlar\u0131n yetersiz olmas\u0131. \u0130zmir, daha \u00e7ok Kuzey Afrika, eski Balkan devletleri ve T\u00fcrki cumhuriyetlerden yabanc\u0131 hasta talebi al\u0131yor. Bu destinasyonlardan u\u00e7u\u015f say\u0131lar\u0131n\u0131n g\u00fcn ge\u00e7tik\u00e7e artmas\u0131 gerekiyor. \u0130zmir\u2019in turizmine de\u011fil sa\u011fl\u0131\u011f\u0131na d\u00f6n\u00fck \u00e7al\u0131\u015farak, yurtd\u0131\u015f\u0131 u\u00e7u\u015flar\u0131 sezon d\u0131\u015f\u0131nda aktif tutmam\u0131z gerekiyor. Sa\u011fl\u0131k turizmi kapsam\u0131nda obezite cerrahisi, liposuction, plastik cerrahi ve di\u015f b\u00f6l\u00fcmlerine yabanc\u0131 hasta geliyor. Onkolojisi \u00e7ok g\u00fc\u00e7l\u00fc, kalp cerrahisi \u00e7ok g\u00fc\u00e7l\u00fc, acil giri\u015fimlerinde, yo\u011fun bak\u0131mlar\u0131nda \u00e7ok g\u00fc\u00e7l\u00fc bir \u0130zmir var. O zaman \u0130zmir i\u00e7in d\u00fc\u015f\u00fcnmemiz gereken \u015fey; t\u00fcm \u015fehir el ele vererek bir politika olu\u015fturmak. Devletin liderli\u011finde, \u0130zmir\u2019i sa\u011fl\u0131k turizminde \u00f6n plana \u00e7\u0131karacak stratejileri birlikte belirleyip y\u00fcr\u00fcmemiz gerekiyor. Konuya b\u00fct\u00fcnc\u00fcl bakabildi\u011fimiz m\u00fcddet\u00e7e do\u011fru sonu\u00e7lara ula\u015f\u0131r\u0131z&#8221; s\u00f6zlerini kaydetti.<br \/>\n<br \/>\u00d6te yandan Medicana International \u0130zmir Hastanesi\u2019nin sa\u011fl\u0131k turizminde hitap etti\u011fi hasta gruplar\u0131na de\u011finen Dr. \u00d6\u011fretim \u00dcyesi Remzi Kar\u015f\u0131, &#8220;Bu y\u0131l i\u00e7inde yakla\u015f\u0131k 20 bin sa\u011fl\u0131k turizmi hastas\u0131 a\u011f\u0131rlad\u0131k. Bu hasta say\u0131lar\u0131n\u0131n artmas\u0131 bug\u00fcnk\u00fc toplant\u0131n\u0131n sonu\u00e7lar\u0131na ba\u011fl\u0131. A\u00e7al\u0131m u\u00e7u\u015flar\u0131, el ele verelim ve b\u00fcy\u00fctelim diyoruz&#8221; dedi.<\/p>\n<p>12 ay turizmin anahtar\u0131 Efes\u2019te<br \/>\n<br \/>&#8220;Hastan\u0131n biletinin kesilmesinden hastaneye getirilmesine, refakat\u00e7isinin gezdirilmesine; hasta yak\u0131nlar\u0131n\u0131n vakit ge\u00e7irebilmeleri i\u00e7in \u00f6zel bir programlar olu\u015fturulmas\u0131na kadar s\u00fcrecin her ayr\u0131nt\u0131s\u0131 d\u00fc\u015f\u00fcn\u00fclmeli&#8221; diyen Dr. \u00d6\u011fretim \u00dcyesi Remzi Kar\u015f\u0131, s\u00f6zlerine \u015f\u00f6yle devam etti: &#8220;Ala\u00e7at\u0131, \u00c7e\u015fme ve Fo\u00e7a son derece turistik yerlerimiz. Bunlar\u0131 \u00e7ok iyi kullanmam\u0131z gerekiyor. Mesela sa\u011fl\u0131kl\u0131 ya\u015fam i\u00e7in Urla, muhte\u015fem bir yer. Burada sa\u011fl\u0131kl\u0131 ya\u015fam kentleri kurulabilir. \u00c7e\u015fme ve Urla k\u0131\u015f\u0131n gastronomisiyle yaz\u0131n deniz turizmiyle son derece k\u0131ymetli. Ancak ba\u015fka bir de\u011fer var ki; o da Efes. 12 ay boyunca Efes\u2019in \u00fczerinden sa\u011fl\u0131k turizmi planlamas\u0131 yapt\u0131\u011f\u0131m\u0131z zaman kentte yabanc\u0131 hasta eksik olmaz.&#8221;<br \/>\n<br \/>Dr. \u00d6\u011fretim \u00dcyesi Remzi Kar\u015f\u0131, istatistiksel olarak yabanc\u0131 hastalar\u0131n y\u00fczde 46\u2019s\u0131n\u0131n sa\u011fl\u0131k turizmi, y\u00fczde 54\u2019\u00fcn\u00fcn turistin sa\u011fl\u0131\u011f\u0131 i\u00e7in hastanelere ba\u015fvurdu\u011funu ifade etti. Yabanc\u0131 hastaya y\u00f6nelik politikalar\u0131n sa\u011fl\u0131k turizmi \u00fczerine kurulmas\u0131 gerekti\u011fini kaydeden Dr. \u00d6\u011fretim \u00dcyesi Remzi Kar\u015f\u0131, &#8220;Ben \u00f6zel hastane olarak bir destinasyon a\u00e7amam ama kamu yetkisiyle sizler a\u00e7ars\u0131n\u0131z. Devlet anla\u015fmas\u0131 yapamam ama siz yapars\u0131n\u0131z. Ben de teknolojimle, imkanlar\u0131mla hastay\u0131 sa\u011faltabilirim. Bu bir b\u00fct\u00fcnc\u00fcl i\u015f. Hep birlikte el ele verirsek \u0130zmir ba\u015far\u0131r&#8221; diye konu\u015ftu.<\/p>\n<p>Sa\u011fl\u0131k kamp\u00fcs\u00fc i\u00e7in \u00e7al\u0131\u015f\u0131yoruz<br \/>\n<br \/>Do\u011fru y\u00f6netmeliklerle \u015fehre do\u011fru yat\u0131r\u0131mc\u0131y\u0131 \u00e7ekmek gerekti\u011fini s\u00f6yleyen O\u011fuz \u00d6zkarde\u015fler, &#8220;Sa\u011fl\u0131k turizmi gitti\u011fi \u015fehirlerde e\u011fitim ve sa\u011fl\u0131k yat\u0131r\u0131mlar\u0131yla i\u00e7 i\u00e7e geli\u015fiyor. Sa\u011fl\u0131k yat\u0131r\u0131m\u0131 \u00e7ektik\u00e7e sa\u011fl\u0131kta g\u00f6rev alan profesyonelleri, \u0130zmir\u2019e transfer ettik\u00e7e \u00fcniversitelerinde geli\u015fti\u011fini g\u00f6rece\u011fiz. \u0130zmir\u2019in bu konuda potansiyeli iyi bir durumda, yeterki de\u011ferlendirelim. \u0130zmir\u2019de sa\u011fl\u0131k turizmi dedi\u011fimiz zaman bilinen g\u00fcvenilir bir markay\u0131 ortaya koymak laz\u0131m. Bu imaj\u0131n dijital platformlarda uluslararas\u0131 fuarlarda g\u00fc\u00e7lendirilmesi \u015fart. Bunun i\u00e7in de hammaddeye ihtiya\u00e7 var. \u0130kincisi de hasta teknik takibinin yap\u0131l\u0131yor olmas\u0131 laz\u0131m&#8221; ifadelerini kulland\u0131. Kentte sa\u011fl\u0131k kamp\u00fcs\u00fcn\u00fc hayata ge\u00e7irmek istediklerini dile getiren O\u011fuz \u00d6zkarde\u015fler, s\u00f6zlerine \u015f\u00f6yle devam etti: &#8220;Nas\u0131l serbest b\u00f6lgeler olu\u015fturuluyorsa sa\u011fl\u0131k i\u00e7in de bir b\u00f6lge olu\u015fturulsa do\u011fru yat\u0131r\u0131mc\u0131lar\u0131 \u00e7eker ve sa\u011fl\u0131k konusunda d\u00fcnyada daha rekabet\u00e7i konumuna geliriz. Sa\u011fl\u0131k turizminin \u00f6zel bir b\u00f6lgede bir araya gelmesi i\u00e7in \u00e7al\u0131\u015fmalar yap\u0131yoruz.&#8221;<br \/>\n<br \/>Filiz Da\u011f ise E\u015frefpa\u015fa Hastanesi\u2019nin T\u00fcrkiye\u2019deki ilk belediye hastanesi oldu\u011funu vurgulayarak, &#8220;\u0130zmir\u2019e turist olarak gelenlerin sa\u011fl\u0131\u011f\u0131n\u0131 korumak gibi bir g\u00f6revimiz var. Yeni binam\u0131z yap\u0131ld\u0131ktan sonra payda\u015flar\u0131m\u0131zla omuz omuza y\u00fcr\u00fcmeye ve belediye ile hastaneler aras\u0131nda k\u00f6pr\u00fc olmaya devam edece\u011fiz&#8221; dedi.<br \/><\/p>\n","protected":false},"excerpt":{"rendered":"<p>Bu y\u0131l 19\u2019uncusu ger\u00e7ekle\u015ftirilen TTI \u0130zmir Fuar\u0131\u2019n\u0131n kap\u0131lar\u0131 a\u00e7\u0131ld\u0131. Fuarda, Sa\u011fl\u0131k Turizmi s\u00f6yle\u015fisinin konu\u011fu olan \u0130ZFA\u015e Sa\u011fl\u0131k Sponsoru Medicana International \u0130zmir Hastanesi Genel M\u00fcd\u00fcr\u00fc Dr. \u00d6\u011fretim \u00dcyesi Remzi Kar\u015f\u0131, \u0130zmir\u2019in sa\u011fl\u0131k turizmi i\u00e7in yeterli alt yap\u0131ya sahip oldu\u011funun alt\u0131n\u0131 \u00e7izerek, &#8220;\u0130zmir\u2019deki t\u00fcm payda\u015flar el ele vererek bir politika i\u00e7erisine girilmeli. Bunun i\u00e7inde devletin olmas\u0131 ve&#8230;<\/p>\n","protected":false},"author":1,"featured_media":71958,"comment_status":"open","ping_status":"open","sticky":false,"template":"","format":"standard","meta":{"_crdt_document":"","footnotes":""},"categories":[2],"tags":[],"class_list":["post-71957","post","type-post","status-publish","format-standard","has-post-thumbnail","hentry","category-saglik"],"_links":{"self":[{"href":"https:\/\/www.egemtv.com\/index.php?rest_route=\/wp\/v2\/posts\/71957","targetHints":{"allow":["GET"]}}],"collection":[{"href":"https:\/\/www.egemtv.com\/index.php?rest_route=\/wp\/v2\/posts"}],"about":[{"href":"https:\/\/www.egemtv.com\/index.php?rest_route=\/wp\/v2\/types\/post"}],"author":[{"embeddable":true,"href":"https:\/\/www.egemtv.com\/index.php?rest_route=\/wp\/v2\/users\/1"}],"replies":[{"embeddable":true,"href":"https:\/\/www.egemtv.com\/index.php?rest_route=%2Fwp%2Fv2%2Fcomments&post=71957"}],"version-history":[{"count":1,"href":"https:\/\/www.egemtv.com\/index.php?rest_route=\/wp\/v2\/posts\/71957\/revisions"}],"predecessor-version":[{"id":71959,"href":"https:\/\/www.egemtv.com\/index.php?rest_route=\/wp\/v2\/posts\/71957\/revisions\/71959"}],"wp:featuredmedia":[{"embeddable":true,"href":"https:\/\/www.egemtv.com\/index.php?rest_route=\/wp\/v2\/media\/71958"}],"wp:attachment":[{"href":"https:\/\/www.egemtv.com\/index.php?rest_route=%2Fwp%2Fv2%2Fmedia&parent=71957"}],"wp:term":[{"taxonomy":"category","embeddable":true,"href":"https:\/\/www.egemtv.com\/index.php?rest_route=%2Fwp%2Fv2%2Fcategories&post=71957"},{"taxonomy":"post_tag","embeddable":true,"href":"https:\/\/www.egemtv.com\/index.php?rest_route=%2Fwp%2Fv2%2Ftags&post=71957"}],"curies":[{"name":"wp","href":"https:\/\/api.w.org\/{rel}","templated":true}]}}