{"id":71954,"date":"2025-12-04T11:35:52","date_gmt":"2025-12-04T08:35:52","guid":{"rendered":"https:\/\/www.egemtv.com\/?p=71954"},"modified":"2025-12-04T11:35:53","modified_gmt":"2025-12-04T08:35:53","slug":"baskan-balaban-emekli-kafede-calismalari-yerinde-inceledi","status":"publish","type":"post","link":"https:\/\/www.egemtv.com\/?p=71954","title":{"rendered":"Ba\u015fkan Balaban Emekli Kafe\u2019de \u00e7al\u0131\u015fmalar\u0131 yerinde inceledi"},"content":{"rendered":"<p>Yunusemre Belediye Ba\u015fkan\u0131 Semih Balaban, k\u0131sa s\u00fcre i\u00e7erisinde a\u00e7\u0131lmas\u0131 planlanan Emekli Kafe\u2019de incelemelerde bulundu.<br \/>\n<br \/>Ge\u00e7ti\u011fimiz g\u00fcnlerde emeklileri sevindirecek Emekli Kafe projesini duyuran Yunusemre Belediye Ba\u015fkan\u0131 Semih Balaban, Laleli Mahallesi Fatih Caddesi\u2019nde devam eden \u00e7al\u0131\u015fmalar\u0131 yerinde inceledi. Fen \u0130\u015fleri M\u00fcd\u00fcrl\u00fc\u011f\u00fc ekiplerinin alanda hummal\u0131 bir \u00e7al\u0131\u015fma y\u00fcr\u00fctt\u00fc\u011f\u00fcn\u00fc kaydeden Belediye Ba\u015fkan\u0131 Balaban konuya ili\u015fkin yapt\u0131\u011f\u0131 a\u00e7\u0131klamada, &#8220;Emekli Kafe\u2019mizde \u00e7al\u0131\u015fmalar t\u00fcm h\u0131z\u0131yla devam ediyor. 31 Aral\u0131k\u2019a kadar Emekli Kafe\u2019yi vatanda\u015flar\u0131m\u0131z\u0131n hizmetine a\u00e7aca\u011f\u0131z. Ocak ay\u0131 i\u00e7erisinde ise CHP Genel Ba\u015fkan\u0131m\u0131z \u00d6zg\u00fcr \u00d6zel\u2019in kat\u0131l\u0131m\u0131yla b\u00fcy\u00fck bir toplu a\u00e7\u0131l\u0131\u015f t\u00f6reni ger\u00e7ekle\u015ftirece\u011fiz. Fen \u0130\u015fleri M\u00fcd\u00fcrl\u00fc\u011f\u00fc ekiplerimiz \u015fu an yo\u011fun \u00e7aba harc\u0131yor. Emekli vatanda\u015flar\u0131m\u0131z\u0131n t\u00fcm ihtiya\u00e7lar\u0131n\u0131n d\u00fc\u015f\u00fcn\u00fcld\u00fc\u011f\u00fc kafede \u00e7ay ve su 5 lira, kahve 10 lira, tost 25 lira olacak. Emeklilerimiz orada okeyini de, tavlas\u0131n\u0131 da oynayacak, sohbetler edecek. Emekliler cenneti olacak kafemizi ve bah\u00e7esini en h\u0131zl\u0131 \u015fekilde tamamlayarak hayata ge\u00e7irece\u011fiz&#8221; dedi.<br \/><\/p>\n","protected":false},"excerpt":{"rendered":"<p>Yunusemre Belediye Ba\u015fkan\u0131 Semih Balaban, k\u0131sa s\u00fcre i\u00e7erisinde a\u00e7\u0131lmas\u0131 planlanan Emekli Kafe\u2019de incelemelerde bulundu. Ge\u00e7ti\u011fimiz g\u00fcnlerde emeklileri sevindirecek Emekli Kafe projesini duyuran Yunusemre Belediye Ba\u015fkan\u0131 Semih Balaban, Laleli Mahallesi Fatih Caddesi\u2019nde devam eden \u00e7al\u0131\u015fmalar\u0131 yerinde inceledi. Fen \u0130\u015fleri M\u00fcd\u00fcrl\u00fc\u011f\u00fc ekiplerinin alanda hummal\u0131 bir \u00e7al\u0131\u015fma y\u00fcr\u00fctt\u00fc\u011f\u00fcn\u00fc kaydeden Belediye Ba\u015fkan\u0131 Balaban konuya ili\u015fkin yapt\u0131\u011f\u0131 a\u00e7\u0131klamada, &#8220;Emekli Kafe\u2019mizde&#8230;<\/p>\n","protected":false},"author":1,"featured_media":71955,"comment_status":"open","ping_status":"open","sticky":false,"template":"","format":"standard","meta":{"_crdt_document":"","footnotes":""},"categories":[1],"tags":[],"class_list":["post-71954","post","type-post","status-publish","format-standard","has-post-thumbnail","hentry","category-guncel"],"_links":{"self":[{"href":"https:\/\/www.egemtv.com\/index.php?rest_route=\/wp\/v2\/posts\/71954","targetHints":{"allow":["GET"]}}],"collection":[{"href":"https:\/\/www.egemtv.com\/index.php?rest_route=\/wp\/v2\/posts"}],"about":[{"href":"https:\/\/www.egemtv.com\/index.php?rest_route=\/wp\/v2\/types\/post"}],"author":[{"embeddable":true,"href":"https:\/\/www.egemtv.com\/index.php?rest_route=\/wp\/v2\/users\/1"}],"replies":[{"embeddable":true,"href":"https:\/\/www.egemtv.com\/index.php?rest_route=%2Fwp%2Fv2%2Fcomments&post=71954"}],"version-history":[{"count":1,"href":"https:\/\/www.egemtv.com\/index.php?rest_route=\/wp\/v2\/posts\/71954\/revisions"}],"predecessor-version":[{"id":71956,"href":"https:\/\/www.egemtv.com\/index.php?rest_route=\/wp\/v2\/posts\/71954\/revisions\/71956"}],"wp:featuredmedia":[{"embeddable":true,"href":"https:\/\/www.egemtv.com\/index.php?rest_route=\/wp\/v2\/media\/71955"}],"wp:attachment":[{"href":"https:\/\/www.egemtv.com\/index.php?rest_route=%2Fwp%2Fv2%2Fmedia&parent=71954"}],"wp:term":[{"taxonomy":"category","embeddable":true,"href":"https:\/\/www.egemtv.com\/index.php?rest_route=%2Fwp%2Fv2%2Fcategories&post=71954"},{"taxonomy":"post_tag","embeddable":true,"href":"https:\/\/www.egemtv.com\/index.php?rest_route=%2Fwp%2Fv2%2Ftags&post=71954"}],"curies":[{"name":"wp","href":"https:\/\/api.w.org\/{rel}","templated":true}]}}