{"id":71951,"date":"2025-12-04T11:35:51","date_gmt":"2025-12-04T08:35:51","guid":{"rendered":"https:\/\/www.egemtv.com\/?p=71951"},"modified":"2025-12-04T11:35:52","modified_gmt":"2025-12-04T08:35:52","slug":"baskan-tatik-guzelkoy-mahallesi-sosyal-tesis-calismalarini-yerinde-inceledi","status":"publish","type":"post","link":"https:\/\/www.egemtv.com\/?p=71951","title":{"rendered":"Ba\u015fkan Tat\u0131k, G\u00fczelk\u00f6y Mahallesi Sosyal Tesis \u00e7al\u0131\u015fmalar\u0131n\u0131 yerinde inceledi"},"content":{"rendered":"<p>Tavas Belediyesi, G\u00fczelk\u00f6y Mahallesi Sosyal Tesisinde bak\u0131m ve onar\u0131m \u00e7al\u0131\u015fmalar\u0131na devam ediyor. \u00c7al\u0131\u015fmalar\u0131 yerinde inceleyen Tavas Belediye Ba\u015fkan\u0131 Kadir Tat\u0131k, &#8220;T\u00fcm mahallelerimizin ihtiya\u00e7lar\u0131na y\u00f6nelik hizmetlerimizi planl\u0131, kararl\u0131 ve s\u00fcrd\u00fcr\u00fclebilir bir anlay\u0131\u015fla hayata ge\u00e7irmeye devam ediyoruz&#8221; dedi.<\/p>\n<p>Tavas Belediyesi mahallelerin ihtiya\u00e7lar\u0131n\u0131 kar\u015f\u0131lamak amac\u0131yla \u00e7al\u0131\u015fmalar\u0131na devam ediyor. G\u00fczelk\u00f6y Mahallesi Sosyal Tesisinin daha kullan\u0131\u015fl\u0131 hale getirmek i\u00e7in bak\u0131m ve onar\u0131m \u00e7al\u0131\u015fmalar\u0131 yap\u0131l\u0131yor. Onar\u0131m \u00e7al\u0131\u015fmalar\u0131n\u0131 yerinde inceleyen Tavas Belediye Ba\u015fkan\u0131 Kadir Tat\u0131k, yapt\u0131\u011f\u0131 a\u00e7\u0131klamada; &#8220;G\u00fczelk\u00f6y Mahallemizdeki sosyal tesis alan\u0131nda devam eden d\u00fczenleme ve geli\u015ftirme \u00e7al\u0131\u015fmalar\u0131m\u0131z\u0131 yerinde inceledik. Tesisin mahallemiz i\u00e7in daha i\u015flevsel ve verimli kullan\u0131labilmesi amac\u0131yla Fen \u0130\u015fleri M\u00fcd\u00fcrl\u00fc\u011f\u00fc ekiplerimiz titizlikle \u00e7al\u0131\u015fmalar\u0131n\u0131 s\u00fcrd\u00fcr\u00fcyor. Sahadaki son duruma ili\u015fkin ekiplerimizden bilgi ald\u0131k. Bu s\u00fcre\u00e7te emek veren t\u00fcm personelimize \u00f6zverili \u00e7al\u0131\u015fmalar\u0131ndan dolay\u0131 te\u015fekk\u00fcr ediyorum. Y\u00fcr\u00fct\u00fclen \u00e7al\u0131\u015fmalar\u0131n \u00e7ok yak\u0131nda tamamlanmas\u0131n\u0131 hedefliyoruz. T\u00fcm mahallelerimizin ihtiya\u00e7lar\u0131na y\u00f6nelik hizmetlerimizi planl\u0131, kararl\u0131 ve s\u00fcrd\u00fcr\u00fclebilir bir anlay\u0131\u015fla hayata ge\u00e7irmeye devam ediyoruz&#8221; ifadelerini kulland\u0131.<br \/><\/p>\n","protected":false},"excerpt":{"rendered":"<p>Tavas Belediyesi, G\u00fczelk\u00f6y Mahallesi Sosyal Tesisinde bak\u0131m ve onar\u0131m \u00e7al\u0131\u015fmalar\u0131na devam ediyor. \u00c7al\u0131\u015fmalar\u0131 yerinde inceleyen Tavas Belediye Ba\u015fkan\u0131 Kadir Tat\u0131k, &#8220;T\u00fcm mahallelerimizin ihtiya\u00e7lar\u0131na y\u00f6nelik hizmetlerimizi planl\u0131, kararl\u0131 ve s\u00fcrd\u00fcr\u00fclebilir bir anlay\u0131\u015fla hayata ge\u00e7irmeye devam ediyoruz&#8221; dedi. Tavas Belediyesi mahallelerin ihtiya\u00e7lar\u0131n\u0131 kar\u015f\u0131lamak amac\u0131yla \u00e7al\u0131\u015fmalar\u0131na devam ediyor. G\u00fczelk\u00f6y Mahallesi Sosyal Tesisinin daha kullan\u0131\u015fl\u0131 hale getirmek i\u00e7in bak\u0131m&#8230;<\/p>\n","protected":false},"author":1,"featured_media":71952,"comment_status":"open","ping_status":"open","sticky":false,"template":"","format":"standard","meta":{"_crdt_document":"","footnotes":""},"categories":[127],"tags":[],"class_list":["post-71951","post","type-post","status-publish","format-standard","has-post-thumbnail","hentry","category-siyaset"],"_links":{"self":[{"href":"https:\/\/www.egemtv.com\/index.php?rest_route=\/wp\/v2\/posts\/71951","targetHints":{"allow":["GET"]}}],"collection":[{"href":"https:\/\/www.egemtv.com\/index.php?rest_route=\/wp\/v2\/posts"}],"about":[{"href":"https:\/\/www.egemtv.com\/index.php?rest_route=\/wp\/v2\/types\/post"}],"author":[{"embeddable":true,"href":"https:\/\/www.egemtv.com\/index.php?rest_route=\/wp\/v2\/users\/1"}],"replies":[{"embeddable":true,"href":"https:\/\/www.egemtv.com\/index.php?rest_route=%2Fwp%2Fv2%2Fcomments&post=71951"}],"version-history":[{"count":1,"href":"https:\/\/www.egemtv.com\/index.php?rest_route=\/wp\/v2\/posts\/71951\/revisions"}],"predecessor-version":[{"id":71953,"href":"https:\/\/www.egemtv.com\/index.php?rest_route=\/wp\/v2\/posts\/71951\/revisions\/71953"}],"wp:featuredmedia":[{"embeddable":true,"href":"https:\/\/www.egemtv.com\/index.php?rest_route=\/wp\/v2\/media\/71952"}],"wp:attachment":[{"href":"https:\/\/www.egemtv.com\/index.php?rest_route=%2Fwp%2Fv2%2Fmedia&parent=71951"}],"wp:term":[{"taxonomy":"category","embeddable":true,"href":"https:\/\/www.egemtv.com\/index.php?rest_route=%2Fwp%2Fv2%2Fcategories&post=71951"},{"taxonomy":"post_tag","embeddable":true,"href":"https:\/\/www.egemtv.com\/index.php?rest_route=%2Fwp%2Fv2%2Ftags&post=71951"}],"curies":[{"name":"wp","href":"https:\/\/api.w.org\/{rel}","templated":true}]}}