{"id":71948,"date":"2025-12-04T11:35:50","date_gmt":"2025-12-04T08:35:50","guid":{"rendered":"https:\/\/www.egemtv.com\/?p=71948"},"modified":"2025-12-04T11:35:51","modified_gmt":"2025-12-04T08:35:51","slug":"beyagac-belediyesi-2025-hali-saha-turnuvasi-buyuk-bir-heyecanla-basladi","status":"publish","type":"post","link":"https:\/\/www.egemtv.com\/?p=71948","title":{"rendered":"Beya\u011fa\u00e7 Belediyesi 2025 Hal\u0131 Saha Turnuvas\u0131 b\u00fcy\u00fck bir heyecanla ba\u015flad\u0131"},"content":{"rendered":"<p>Beya\u011fa\u00e7 Belediyesi taraf\u0131ndan 2025 Hal\u0131 Saha turnuvas\u0131 d\u00fczenlendi. T\u00fcm tak\u0131mlar\u0131n centilmence, sakats\u0131z ve keyif dolu ma\u00e7lar diledi\u011fini ifade eden Beya\u011fa\u00e7 Belediye Ba\u015fkan\u0131 Sezayi P\u00fct\u00fcn, &#8220;\u0130yi olan kazans\u0131n, dostluk hep kazans\u0131n&#8221; dedi.<br \/>\n<br \/>Denizli\u2019nin Beya\u011fa\u00e7 il\u00e7esi Beya\u011fa\u00e7 Belediyesi taraf\u0131ndan hal\u0131 saha turnuvas\u0131 d\u00fczenlendi. Turnuvan\u0131n ba\u015flama vuru\u015funu Beya\u011fa\u00e7 Belediyespor Kul\u00fcb\u00fc Ba\u015fkan\u0131 ve meclis \u00fcyesi olan H\u00fcseyin Orhan yapt\u0131. Ba\u015flama vuru\u015funun ard\u0131ndan Beya\u011fa\u00e7 Belediyesi 2025 Hal\u0131 Saha turnuvas\u0131 g\u00fczel bir heyecanla ba\u015flad\u0131. Turnuva hakk\u0131nda a\u00e7\u0131klamalarda bulunan Beya\u011fa\u00e7 Belediye Ba\u015fkan\u0131 Sezayi P\u00fct\u00fcn, &#8220;T\u00fcm tak\u0131mlar\u0131m\u0131za centilmence, sakatl\u0131ks\u0131z ve keyif dolu ma\u00e7lar diliyoruz.<br \/>\n<br \/>\u0130yi olan kazans\u0131n, dostluk hep kazans\u0131n&#8221; dedi.<br \/><\/p>\n","protected":false},"excerpt":{"rendered":"<p>Beya\u011fa\u00e7 Belediyesi taraf\u0131ndan 2025 Hal\u0131 Saha turnuvas\u0131 d\u00fczenlendi. T\u00fcm tak\u0131mlar\u0131n centilmence, sakats\u0131z ve keyif dolu ma\u00e7lar diledi\u011fini ifade eden Beya\u011fa\u00e7 Belediye Ba\u015fkan\u0131 Sezayi P\u00fct\u00fcn, &#8220;\u0130yi olan kazans\u0131n, dostluk hep kazans\u0131n&#8221; dedi. Denizli\u2019nin Beya\u011fa\u00e7 il\u00e7esi Beya\u011fa\u00e7 Belediyesi taraf\u0131ndan hal\u0131 saha turnuvas\u0131 d\u00fczenlendi. Turnuvan\u0131n ba\u015flama vuru\u015funu Beya\u011fa\u00e7 Belediyespor Kul\u00fcb\u00fc Ba\u015fkan\u0131 ve meclis \u00fcyesi olan H\u00fcseyin Orhan yapt\u0131&#8230;.<\/p>\n","protected":false},"author":1,"featured_media":71949,"comment_status":"open","ping_status":"open","sticky":false,"template":"","format":"standard","meta":{"_crdt_document":"","footnotes":""},"categories":[4],"tags":[],"class_list":["post-71948","post","type-post","status-publish","format-standard","has-post-thumbnail","hentry","category-spor"],"_links":{"self":[{"href":"https:\/\/www.egemtv.com\/index.php?rest_route=\/wp\/v2\/posts\/71948","targetHints":{"allow":["GET"]}}],"collection":[{"href":"https:\/\/www.egemtv.com\/index.php?rest_route=\/wp\/v2\/posts"}],"about":[{"href":"https:\/\/www.egemtv.com\/index.php?rest_route=\/wp\/v2\/types\/post"}],"author":[{"embeddable":true,"href":"https:\/\/www.egemtv.com\/index.php?rest_route=\/wp\/v2\/users\/1"}],"replies":[{"embeddable":true,"href":"https:\/\/www.egemtv.com\/index.php?rest_route=%2Fwp%2Fv2%2Fcomments&post=71948"}],"version-history":[{"count":1,"href":"https:\/\/www.egemtv.com\/index.php?rest_route=\/wp\/v2\/posts\/71948\/revisions"}],"predecessor-version":[{"id":71950,"href":"https:\/\/www.egemtv.com\/index.php?rest_route=\/wp\/v2\/posts\/71948\/revisions\/71950"}],"wp:featuredmedia":[{"embeddable":true,"href":"https:\/\/www.egemtv.com\/index.php?rest_route=\/wp\/v2\/media\/71949"}],"wp:attachment":[{"href":"https:\/\/www.egemtv.com\/index.php?rest_route=%2Fwp%2Fv2%2Fmedia&parent=71948"}],"wp:term":[{"taxonomy":"category","embeddable":true,"href":"https:\/\/www.egemtv.com\/index.php?rest_route=%2Fwp%2Fv2%2Fcategories&post=71948"},{"taxonomy":"post_tag","embeddable":true,"href":"https:\/\/www.egemtv.com\/index.php?rest_route=%2Fwp%2Fv2%2Ftags&post=71948"}],"curies":[{"name":"wp","href":"https:\/\/api.w.org\/{rel}","templated":true}]}}