{"id":71945,"date":"2025-12-04T10:55:02","date_gmt":"2025-12-04T07:55:02","guid":{"rendered":"https:\/\/www.egemtv.com\/?p=71945"},"modified":"2025-12-04T10:55:03","modified_gmt":"2025-12-04T07:55:03","slug":"mentesede-zeytin-ureticilerine-yonelik-kapsamli-bilgilendirme-ve-kontrol-calismalari-suruyor","status":"publish","type":"post","link":"https:\/\/www.egemtv.com\/?p=71945","title":{"rendered":"Mente\u015fe\u2019de zeytin \u00fcreticilerine y\u00f6nelik kapsaml\u0131 bilgilendirme ve kontrol \u00e7al\u0131\u015fmalar\u0131 s\u00fcr\u00fcyor"},"content":{"rendered":"<p>Mente\u015fe \u0130l\u00e7e Tar\u0131m ve Orman M\u00fcd\u00fcrl\u00fc\u011f\u00fc ekipleri, b\u00f6lgedeki zeytin \u00fcreticilerini bilin\u00e7lendirmek ve zeytinya\u011f\u0131 kalitesini art\u0131rmak amac\u0131yla saha \u00e7al\u0131\u015fmalar\u0131na aral\u0131ks\u0131z devam ediyor.<\/p>\n<p>Mente\u015fe \u0130l\u00e7e Tar\u0131m ve Orman M\u00fcd\u00fcrl\u00fc\u011f\u00fc\u2019ne ba\u011fl\u0131 teknik ekipler, il\u00e7enin \u00f6nemli ge\u00e7im kaynaklar\u0131ndan biri olan zeytincilik sekt\u00f6r\u00fcne destek olmak i\u00e7in yo\u011fun bir mesai harc\u0131yor. Ekipler, \u00e7ift\u00e7ilere y\u00f6nelik bilgilendirme faaliyetlerinin yan\u0131 s\u0131ra, projelere ait yerinde denetimlerini de s\u00fcrd\u00fcr\u00fcyor.<\/p>\n<p>Saha ziyaretleri kapsam\u0131nda \u00fcreticilerle bir araya gelen uzmanlar, zeytin a\u011fa\u00e7lar\u0131n\u0131n verimlili\u011fini ve sa\u011fl\u0131\u011f\u0131n\u0131 do\u011frudan etkileyen bak\u0131m ve budama teknikleri hakk\u0131nda detayl\u0131 e\u011fitimler verdi. Do\u011fru zamanda ve do\u011fru y\u00f6ntemlerle yap\u0131lan budaman\u0131n, hem gelecek y\u0131l\u0131n rekoltesi hem de a\u011fac\u0131n \u00f6mr\u00fc a\u00e7\u0131s\u0131ndan kritik \u00f6neme sahip oldu\u011fu vurguland\u0131.<\/p>\n<p>Ayr\u0131ca, d\u00fcnya pazarlar\u0131nda rekabet g\u00fcc\u00fc y\u00fcksek ve katma de\u011feri y\u00fcksek \u00fcr\u00fcn elde etmek amac\u0131yla zeytinya\u011f\u0131nda kaliteyi art\u0131rmaya y\u00f6nelik bilgilendirme \u00e7al\u0131\u015fmalar\u0131 yap\u0131ld\u0131. Bu kapsamda, hasat zaman\u0131n\u0131n belirlenmesi, zeytinin s\u0131k\u0131m \u00f6ncesi saklama \u015fartlar\u0131 ve modern s\u0131k\u0131m tekniklerinin \u00f6nemi konular\u0131nda \u00fcreticiler bilgilendirildi.<\/p>\n<p>Bilgilendirme faaliyetlerinin yan\u0131 s\u0131ra, Mente\u015fe \u0130l\u00e7e Tar\u0131m ve Orman M\u00fcd\u00fcrl\u00fc\u011f\u00fc ekipleri taraf\u0131ndan Z\u0130M\u0130D Projesi (Zeytincilik \u0130zleme ve M\u00fcdahale Destekleme Projesi veya benzeri bir proje oldu\u011fu varsay\u0131lm\u0131\u015ft\u0131r) kapsam\u0131ndaki yerinde kontroller de devam ediyor. Bu kontroller ile projeden faydalanan \u00fcreticilerin taahh\u00fctlerine uygun hareket edip etmedikleri denetleniyor ve projelerin ama\u00e7lar\u0131na uygun ilerlemesi sa\u011flan\u0131yor.<\/p>\n<p>M\u00fcd\u00fcrl\u00fck yetkilileri, zeytin ve zeytinya\u011f\u0131 \u00fcretiminde kalitenin art\u0131r\u0131lmas\u0131 ve s\u00fcrd\u00fcr\u00fclebilirli\u011fin sa\u011flanmas\u0131 i\u00e7in bilgilendirme ve kontrol \u00e7al\u0131\u015fmalar\u0131n\u0131n y\u0131l boyunca devam edece\u011fini belirtti. Bu t\u00fcr \u00e7al\u0131\u015fmalar\u0131n, Mente\u015fe zeytincili\u011finin gelece\u011fi a\u00e7\u0131s\u0131ndan b\u00fcy\u00fck \u00f6nem ta\u015f\u0131d\u0131\u011f\u0131 ifade edildi.<br \/><\/p>\n","protected":false},"excerpt":{"rendered":"<p>Mente\u015fe \u0130l\u00e7e Tar\u0131m ve Orman M\u00fcd\u00fcrl\u00fc\u011f\u00fc ekipleri, b\u00f6lgedeki zeytin \u00fcreticilerini bilin\u00e7lendirmek ve zeytinya\u011f\u0131 kalitesini art\u0131rmak amac\u0131yla saha \u00e7al\u0131\u015fmalar\u0131na aral\u0131ks\u0131z devam ediyor. Mente\u015fe \u0130l\u00e7e Tar\u0131m ve Orman M\u00fcd\u00fcrl\u00fc\u011f\u00fc\u2019ne ba\u011fl\u0131 teknik ekipler, il\u00e7enin \u00f6nemli ge\u00e7im kaynaklar\u0131ndan biri olan zeytincilik sekt\u00f6r\u00fcne destek olmak i\u00e7in yo\u011fun bir mesai harc\u0131yor. Ekipler, \u00e7ift\u00e7ilere y\u00f6nelik bilgilendirme faaliyetlerinin yan\u0131 s\u0131ra, projelere ait yerinde&#8230;<\/p>\n","protected":false},"author":1,"featured_media":71946,"comment_status":"open","ping_status":"open","sticky":false,"template":"","format":"standard","meta":{"_crdt_document":"","footnotes":""},"categories":[1],"tags":[],"class_list":["post-71945","post","type-post","status-publish","format-standard","has-post-thumbnail","hentry","category-guncel"],"_links":{"self":[{"href":"https:\/\/www.egemtv.com\/index.php?rest_route=\/wp\/v2\/posts\/71945","targetHints":{"allow":["GET"]}}],"collection":[{"href":"https:\/\/www.egemtv.com\/index.php?rest_route=\/wp\/v2\/posts"}],"about":[{"href":"https:\/\/www.egemtv.com\/index.php?rest_route=\/wp\/v2\/types\/post"}],"author":[{"embeddable":true,"href":"https:\/\/www.egemtv.com\/index.php?rest_route=\/wp\/v2\/users\/1"}],"replies":[{"embeddable":true,"href":"https:\/\/www.egemtv.com\/index.php?rest_route=%2Fwp%2Fv2%2Fcomments&post=71945"}],"version-history":[{"count":1,"href":"https:\/\/www.egemtv.com\/index.php?rest_route=\/wp\/v2\/posts\/71945\/revisions"}],"predecessor-version":[{"id":71947,"href":"https:\/\/www.egemtv.com\/index.php?rest_route=\/wp\/v2\/posts\/71945\/revisions\/71947"}],"wp:featuredmedia":[{"embeddable":true,"href":"https:\/\/www.egemtv.com\/index.php?rest_route=\/wp\/v2\/media\/71946"}],"wp:attachment":[{"href":"https:\/\/www.egemtv.com\/index.php?rest_route=%2Fwp%2Fv2%2Fmedia&parent=71945"}],"wp:term":[{"taxonomy":"category","embeddable":true,"href":"https:\/\/www.egemtv.com\/index.php?rest_route=%2Fwp%2Fv2%2Fcategories&post=71945"},{"taxonomy":"post_tag","embeddable":true,"href":"https:\/\/www.egemtv.com\/index.php?rest_route=%2Fwp%2Fv2%2Ftags&post=71945"}],"curies":[{"name":"wp","href":"https:\/\/api.w.org\/{rel}","templated":true}]}}