{"id":71939,"date":"2025-12-04T10:35:41","date_gmt":"2025-12-04T07:35:41","guid":{"rendered":"https:\/\/www.egemtv.com\/?p=71939"},"modified":"2025-12-04T10:35:42","modified_gmt":"2025-12-04T07:35:42","slug":"aydinda-peygamberimiz-ve-engelliler-konferansi-duzenlendi","status":"publish","type":"post","link":"https:\/\/www.egemtv.com\/?p=71939","title":{"rendered":"Ayd\u0131n\u2019da \u2019Peygamberimiz ve Engelliler\u2019 konferans\u0131 d\u00fczenlendi"},"content":{"rendered":"<p>Ayd\u0131n\u2019da \u2019Peygamberimiz ve Engelliler\u2019 konulu konferans d\u00fczenlendi.<\/p>\n<p>Ayd\u0131n \u0130l M\u00fcft\u00fcl\u00fc\u011f\u00fc Konferans Salonu\u2019nda ger\u00e7ekle\u015ftirilen programda, toplumsal fark\u0131ndal\u0131k, merhamet ve empati konular\u0131 ele al\u0131nd\u0131. \u0130stiklal Mar\u015f\u0131 ve Kur\u2019an-\u0131 Kerim tilavetiyle ba\u015flayan programa kurum amirleri, din g\u00f6revlileri, sivil toplum kurulu\u015fu temsilcileri ve vatanda\u015flar kat\u0131ld\u0131.<\/p>\n<p>Konferansta konu\u015fan Adnan Menderes \u00dcniversitesi \u0130lahiyat Fak\u00fcltesi \u00d6\u011fretim \u00dcyesi Dr. Berna Kavuk \u0130slam tarihinde engelli bireylere y\u00f6nelik yakla\u015f\u0131mlara de\u011findi. Kavuk, peygamberimizin engelli bireylere kar\u015f\u0131 sergiledi\u011fi \u00f6rnek tutumlar\u0131 aktararak, toplumda merhamet ve bilin\u00e7 duygusunun g\u00fc\u00e7lendirilmesi gerekti\u011fini dile getirdi. Programda ayr\u0131ca, Hac\u0131 Emin Ersoy K\u0131z Kur\u2019an Kursu \u00f6\u011freticisi Halide Demir taraf\u0131ndan konu\u015fmalar i\u015fitme engelli bireyler i\u00e7in i\u015faret diliyle terc\u00fcme edildi.<br \/><\/p>\n","protected":false},"excerpt":{"rendered":"<p>Ayd\u0131n\u2019da \u2019Peygamberimiz ve Engelliler\u2019 konulu konferans d\u00fczenlendi. Ayd\u0131n \u0130l M\u00fcft\u00fcl\u00fc\u011f\u00fc Konferans Salonu\u2019nda ger\u00e7ekle\u015ftirilen programda, toplumsal fark\u0131ndal\u0131k, merhamet ve empati konular\u0131 ele al\u0131nd\u0131. \u0130stiklal Mar\u015f\u0131 ve Kur\u2019an-\u0131 Kerim tilavetiyle ba\u015flayan programa kurum amirleri, din g\u00f6revlileri, sivil toplum kurulu\u015fu temsilcileri ve vatanda\u015flar kat\u0131ld\u0131. Konferansta konu\u015fan Adnan Menderes \u00dcniversitesi \u0130lahiyat Fak\u00fcltesi \u00d6\u011fretim \u00dcyesi Dr. Berna Kavuk \u0130slam tarihinde&#8230;<\/p>\n","protected":false},"author":1,"featured_media":71940,"comment_status":"open","ping_status":"open","sticky":false,"template":"","format":"standard","meta":{"_crdt_document":"","footnotes":""},"categories":[1],"tags":[],"class_list":["post-71939","post","type-post","status-publish","format-standard","has-post-thumbnail","hentry","category-guncel"],"_links":{"self":[{"href":"https:\/\/www.egemtv.com\/index.php?rest_route=\/wp\/v2\/posts\/71939","targetHints":{"allow":["GET"]}}],"collection":[{"href":"https:\/\/www.egemtv.com\/index.php?rest_route=\/wp\/v2\/posts"}],"about":[{"href":"https:\/\/www.egemtv.com\/index.php?rest_route=\/wp\/v2\/types\/post"}],"author":[{"embeddable":true,"href":"https:\/\/www.egemtv.com\/index.php?rest_route=\/wp\/v2\/users\/1"}],"replies":[{"embeddable":true,"href":"https:\/\/www.egemtv.com\/index.php?rest_route=%2Fwp%2Fv2%2Fcomments&post=71939"}],"version-history":[{"count":1,"href":"https:\/\/www.egemtv.com\/index.php?rest_route=\/wp\/v2\/posts\/71939\/revisions"}],"predecessor-version":[{"id":71941,"href":"https:\/\/www.egemtv.com\/index.php?rest_route=\/wp\/v2\/posts\/71939\/revisions\/71941"}],"wp:featuredmedia":[{"embeddable":true,"href":"https:\/\/www.egemtv.com\/index.php?rest_route=\/wp\/v2\/media\/71940"}],"wp:attachment":[{"href":"https:\/\/www.egemtv.com\/index.php?rest_route=%2Fwp%2Fv2%2Fmedia&parent=71939"}],"wp:term":[{"taxonomy":"category","embeddable":true,"href":"https:\/\/www.egemtv.com\/index.php?rest_route=%2Fwp%2Fv2%2Fcategories&post=71939"},{"taxonomy":"post_tag","embeddable":true,"href":"https:\/\/www.egemtv.com\/index.php?rest_route=%2Fwp%2Fv2%2Ftags&post=71939"}],"curies":[{"name":"wp","href":"https:\/\/api.w.org\/{rel}","templated":true}]}}