{"id":71936,"date":"2025-12-04T10:35:40","date_gmt":"2025-12-04T07:35:40","guid":{"rendered":"https:\/\/www.egemtv.com\/?p=71936"},"modified":"2025-12-04T10:35:41","modified_gmt":"2025-12-04T07:35:41","slug":"kavakliderede-engeller-sevgi-ve-dayanismayla-asildi","status":"publish","type":"post","link":"https:\/\/www.egemtv.com\/?p=71936","title":{"rendered":"Kavakl\u0131dere\u2019de engeller sevgi ve dayan\u0131\u015fmayla a\u015f\u0131ld\u0131"},"content":{"rendered":"<p>Kavakl\u0131dere Gen\u00e7lik ve Spor \u0130l\u00e7e M\u00fcd\u00fcrl\u00fc\u011f\u00fc, D\u00fcnya Engelliler G\u00fcn\u00fc kapsam\u0131nda d\u00fczenledi\u011fi kapsaml\u0131 programla engelli bireyler ile g\u00f6n\u00fcll\u00fc gen\u00e7leri bir araya getirerek anlaml\u0131 bir fark\u0131ndal\u0131k \u00e7al\u0131\u015fmas\u0131na imza att\u0131.<\/p>\n<p>Kavakl\u0131dere Kaymakaml\u0131\u011f\u0131na ba\u011fl\u0131 Kavakl\u0131dere Gen\u00e7lik ve Spor \u0130l\u00e7e M\u00fcd\u00fcrl\u00fc\u011f\u00fc taraf\u0131ndan organize edilen etkinlikler, g\u00fcn boyu s\u00fcren sanatsal, k\u00fclt\u00fcrel ve sportif faaliyetlerle birlik, dayan\u0131\u015fma ve toplumsal fark\u0131ndal\u0131\u011f\u0131n en g\u00fczel \u00f6rneklerinden birini sergiledi.<\/p>\n<p>Etkinlik program\u0131n\u0131n ilk b\u00f6l\u00fcm\u00fcnde kat\u0131l\u0131mc\u0131lar i\u00e7in resim, el sanatlar\u0131 ve m\u00fczik at\u00f6lyeleri d\u00fczenlendi. Engelli bireyler ve g\u00f6n\u00fcll\u00fc gen\u00e7lerin birlikte \u00fcretti\u011fi eserler, sanat\u0131n birle\u015ftirici g\u00fcc\u00fcn\u00fc ve engellerin sevgi ve emekle a\u015f\u0131labilece\u011fini g\u00f6zler \u00f6n\u00fcne serdi. Ortaya \u00e7\u0131kan \u00e7al\u0131\u015fmalar kat\u0131l\u0131mc\u0131lardan b\u00fcy\u00fck be\u011feni toplad\u0131.<\/p>\n<p>G\u00fcn\u00fcn en renkli anlar\u0131 ise sportif faaliyetler kapsam\u0131nda d\u00fczenlenen etkinliklerde ya\u015fand\u0131. Dostluk ma\u00e7lar\u0131, e\u011flenceli yar\u0131\u015fmalar ve hareketli oyunlar arac\u0131l\u0131\u011f\u0131yla engelli bireyler ve gen\u00e7lerin birlikte m\u00fccadele etti\u011fi bu organizasyonlarda, sporun birle\u015ftirici ruhu ve tak\u0131m \u00e7al\u0131\u015fmas\u0131 \u00f6n plana \u00e7\u0131kt\u0131. Kat\u0131l\u0131mc\u0131lar hem keyifli vakit ge\u00e7irdi hem de fiziksel aktivitelerle sa\u011fl\u0131kl\u0131 ya\u015fam\u0131n \u00f6nemine dikkat \u00e7ekti.<\/p>\n<p>Etkinlikler boyunca g\u00f6n\u00fcll\u00fc gen\u00e7ler, engelli bireylerle yak\u0131ndan ilgilenerek onlara her a\u015famada destek oldu. Kurulan s\u0131cak ileti\u015fim ve samimi ortam, program\u0131n sadece bir fark\u0131ndal\u0131k etkinli\u011fi olman\u0131n \u00f6tesine ge\u00e7mesini sa\u011flad\u0131. G\u00fcn boyunca sergilenen dayan\u0131\u015fma, kar\u015f\u0131l\u0131kl\u0131 anlay\u0131\u015f ve empati, t\u00fcm kat\u0131l\u0131mc\u0131lara unutulmaz anlar ya\u015fatt\u0131.<\/p>\n<p>Program\u0131n sonunda kat\u0131l\u0131mc\u0131lara \u00e7e\u015fitli ikramlar sunuldu ve g\u00fcn\u00fcn an\u0131s\u0131na hat\u0131ra foto\u011fraflar\u0131 \u00e7ekildi. Yap\u0131lan konu\u015fmalarda, D\u00fcnya Engelliler G\u00fcn\u00fc\u2019n\u00fcn sadece bir g\u00fcn de\u011fil, her g\u00fcn hat\u0131rlanmas\u0131 gereken \u00f6nemli bir fark\u0131ndal\u0131k g\u00fcn\u00fc oldu\u011fu vurguland\u0131. Engelli bireylerin sosyal hayata daha aktif kat\u0131l\u0131mlar\u0131n\u0131n desteklenmesi gerekti\u011fi belirtilerek, bu t\u00fcr etkinliklerin toplumsal bilin\u00e7 a\u00e7\u0131s\u0131ndan ta\u015f\u0131d\u0131\u011f\u0131 b\u00fcy\u00fck \u00f6neme dikkat \u00e7ekildi.<\/p>\n<p>Kavakl\u0131dere Gen\u00e7lik ve Spor \u0130l\u00e7e M\u00fcd\u00fcrl\u00fc\u011f\u00fc yetkilileri, program\u0131n d\u00fczenlenmesinde eme\u011fi ge\u00e7en t\u00fcm g\u00f6n\u00fcll\u00fc gen\u00e7lere, kat\u0131l\u0131mc\u0131lara ve destek veren kurumlara te\u015fekk\u00fcrlerini iletti. Yetkililer, y\u0131l boyunca dezavantajl\u0131 bireylere y\u00f6nelik sosyal, k\u00fclt\u00fcrel ve sportif faaliyetlerin artarak devam edece\u011fi s\u00f6z\u00fcn\u00fc de verdi.<br \/><\/p>\n","protected":false},"excerpt":{"rendered":"<p>Kavakl\u0131dere Gen\u00e7lik ve Spor \u0130l\u00e7e M\u00fcd\u00fcrl\u00fc\u011f\u00fc, D\u00fcnya Engelliler G\u00fcn\u00fc kapsam\u0131nda d\u00fczenledi\u011fi kapsaml\u0131 programla engelli bireyler ile g\u00f6n\u00fcll\u00fc gen\u00e7leri bir araya getirerek anlaml\u0131 bir fark\u0131ndal\u0131k \u00e7al\u0131\u015fmas\u0131na imza att\u0131. Kavakl\u0131dere Kaymakaml\u0131\u011f\u0131na ba\u011fl\u0131 Kavakl\u0131dere Gen\u00e7lik ve Spor \u0130l\u00e7e M\u00fcd\u00fcrl\u00fc\u011f\u00fc taraf\u0131ndan organize edilen etkinlikler, g\u00fcn boyu s\u00fcren sanatsal, k\u00fclt\u00fcrel ve sportif faaliyetlerle birlik, dayan\u0131\u015fma ve toplumsal fark\u0131ndal\u0131\u011f\u0131n en g\u00fczel&#8230;<\/p>\n","protected":false},"author":1,"featured_media":71937,"comment_status":"open","ping_status":"open","sticky":false,"template":"","format":"standard","meta":{"_crdt_document":"","footnotes":""},"categories":[1],"tags":[],"class_list":["post-71936","post","type-post","status-publish","format-standard","has-post-thumbnail","hentry","category-guncel"],"_links":{"self":[{"href":"https:\/\/www.egemtv.com\/index.php?rest_route=\/wp\/v2\/posts\/71936","targetHints":{"allow":["GET"]}}],"collection":[{"href":"https:\/\/www.egemtv.com\/index.php?rest_route=\/wp\/v2\/posts"}],"about":[{"href":"https:\/\/www.egemtv.com\/index.php?rest_route=\/wp\/v2\/types\/post"}],"author":[{"embeddable":true,"href":"https:\/\/www.egemtv.com\/index.php?rest_route=\/wp\/v2\/users\/1"}],"replies":[{"embeddable":true,"href":"https:\/\/www.egemtv.com\/index.php?rest_route=%2Fwp%2Fv2%2Fcomments&post=71936"}],"version-history":[{"count":1,"href":"https:\/\/www.egemtv.com\/index.php?rest_route=\/wp\/v2\/posts\/71936\/revisions"}],"predecessor-version":[{"id":71938,"href":"https:\/\/www.egemtv.com\/index.php?rest_route=\/wp\/v2\/posts\/71936\/revisions\/71938"}],"wp:featuredmedia":[{"embeddable":true,"href":"https:\/\/www.egemtv.com\/index.php?rest_route=\/wp\/v2\/media\/71937"}],"wp:attachment":[{"href":"https:\/\/www.egemtv.com\/index.php?rest_route=%2Fwp%2Fv2%2Fmedia&parent=71936"}],"wp:term":[{"taxonomy":"category","embeddable":true,"href":"https:\/\/www.egemtv.com\/index.php?rest_route=%2Fwp%2Fv2%2Fcategories&post=71936"},{"taxonomy":"post_tag","embeddable":true,"href":"https:\/\/www.egemtv.com\/index.php?rest_route=%2Fwp%2Fv2%2Ftags&post=71936"}],"curies":[{"name":"wp","href":"https:\/\/api.w.org\/{rel}","templated":true}]}}