{"id":71933,"date":"2025-12-04T10:14:53","date_gmt":"2025-12-04T07:14:53","guid":{"rendered":"https:\/\/www.egemtv.com\/?p=71933"},"modified":"2025-12-04T10:14:54","modified_gmt":"2025-12-04T07:14:54","slug":"kutahyada-kalibrasyon-ve-sayac-muayene-merkezi-projesi-vali-musa-isina-sunuldu","status":"publish","type":"post","link":"https:\/\/www.egemtv.com\/?p=71933","title":{"rendered":"K\u00fctahya\u2019da \u2019Kalibrasyon ve Saya\u00e7 Muayene Merkezi\u2019 projesi Vali Musa I\u015f\u0131n\u2019a sunuldu"},"content":{"rendered":"<p>K\u00fctahya\u2019da kurulmas\u0131 planlanan Kalibrasyon ve Saya\u00e7 Muayene Merkezi projesi, K\u00fctahya Valisi Musa I\u015f\u0131n\u2019a sunuldu. Proje; K\u00fctahya Organize Sanayi B\u00f6lgesi, K\u00fctahya Ticaret ve Sanayi Odas\u0131, 30 A\u011fustos OSB, Zafer OSB ve Zafer Kalk\u0131nma Ajans\u0131 i\u015f birli\u011fiyle hayata ge\u00e7irilecek.<br \/>\n<br \/>Ziyarette; K\u00dcTSO Ba\u015fkan\u0131 Esin G\u00fcral Argat, K\u00fctahya OSB Y\u00f6netim Kurulu Ba\u015fkan\u0131 Tolga Eski\u00f6\u011flu, 30 A\u011fustos OSB Y\u00f6netim Kurulu Ba\u015fkan\u0131 Salih \u00c7etiner, K\u00fctahya OSB M\u00fcd\u00fcr\u00fc Tunahan Ergin, 30 A\u011fustos OSB M\u00fcd\u00fcr\u00fc Murat Demir, K\u00dcTSO Genel Sekreteri Feyyaz Ebeo\u011flugil ve K\u00fctahya OSB Stratejik Planlama ve Proje Geli\u015ftirme \u015eefi Baran Zafer Kaya haz\u0131r bulundu.<br \/>\n<br \/>Sunumda, kurulacak merkezin K\u00fctahya\u2019ya sa\u011flayaca\u011f\u0131 teknik katk\u0131lar, standartlar\u0131n y\u00fckseltilmesi a\u00e7\u0131s\u0131ndan olu\u015fturaca\u011f\u0131 avantajlar ve maliyet boyutunda ortaya koyaca\u011f\u0131 faydalar de\u011ferlendirildi. Projenin hayata ge\u00e7mesiyle birlikte, enerji tedarik firmalar\u0131n\u0131n kalibrasyon ve saya\u00e7 muayene hizmetlerini K\u00fctahya\u2019da alarak \u00f6nemli \u00f6l\u00e7\u00fcde zaman ve maliyet tasarrufu sa\u011flayaca\u011f\u0131 belirtildi.<br \/>\n<br \/>K\u00fctahya Valisi Musa I\u015f\u0131n, \u00e7al\u0131\u015fman\u0131n kentin sanayi ekosistemine \u00f6nemli katk\u0131lar sunaca\u011f\u0131n\u0131 ifade ederek projede eme\u011fi ge\u00e7en t\u00fcm kurum ve temsilcilerine te\u015fekk\u00fcr etti.<br \/><\/p>\n","protected":false},"excerpt":{"rendered":"<p>K\u00fctahya\u2019da kurulmas\u0131 planlanan Kalibrasyon ve Saya\u00e7 Muayene Merkezi projesi, K\u00fctahya Valisi Musa I\u015f\u0131n\u2019a sunuldu. Proje; K\u00fctahya Organize Sanayi B\u00f6lgesi, K\u00fctahya Ticaret ve Sanayi Odas\u0131, 30 A\u011fustos OSB, Zafer OSB ve Zafer Kalk\u0131nma Ajans\u0131 i\u015f birli\u011fiyle hayata ge\u00e7irilecek. Ziyarette; K\u00dcTSO Ba\u015fkan\u0131 Esin G\u00fcral Argat, K\u00fctahya OSB Y\u00f6netim Kurulu Ba\u015fkan\u0131 Tolga Eski\u00f6\u011flu, 30 A\u011fustos OSB Y\u00f6netim Kurulu&#8230;<\/p>\n","protected":false},"author":1,"featured_media":71934,"comment_status":"open","ping_status":"open","sticky":false,"template":"","format":"standard","meta":{"_crdt_document":"","footnotes":""},"categories":[124],"tags":[],"class_list":["post-71933","post","type-post","status-publish","format-standard","has-post-thumbnail","hentry","category-bilim"],"_links":{"self":[{"href":"https:\/\/www.egemtv.com\/index.php?rest_route=\/wp\/v2\/posts\/71933","targetHints":{"allow":["GET"]}}],"collection":[{"href":"https:\/\/www.egemtv.com\/index.php?rest_route=\/wp\/v2\/posts"}],"about":[{"href":"https:\/\/www.egemtv.com\/index.php?rest_route=\/wp\/v2\/types\/post"}],"author":[{"embeddable":true,"href":"https:\/\/www.egemtv.com\/index.php?rest_route=\/wp\/v2\/users\/1"}],"replies":[{"embeddable":true,"href":"https:\/\/www.egemtv.com\/index.php?rest_route=%2Fwp%2Fv2%2Fcomments&post=71933"}],"version-history":[{"count":1,"href":"https:\/\/www.egemtv.com\/index.php?rest_route=\/wp\/v2\/posts\/71933\/revisions"}],"predecessor-version":[{"id":71935,"href":"https:\/\/www.egemtv.com\/index.php?rest_route=\/wp\/v2\/posts\/71933\/revisions\/71935"}],"wp:featuredmedia":[{"embeddable":true,"href":"https:\/\/www.egemtv.com\/index.php?rest_route=\/wp\/v2\/media\/71934"}],"wp:attachment":[{"href":"https:\/\/www.egemtv.com\/index.php?rest_route=%2Fwp%2Fv2%2Fmedia&parent=71933"}],"wp:term":[{"taxonomy":"category","embeddable":true,"href":"https:\/\/www.egemtv.com\/index.php?rest_route=%2Fwp%2Fv2%2Fcategories&post=71933"},{"taxonomy":"post_tag","embeddable":true,"href":"https:\/\/www.egemtv.com\/index.php?rest_route=%2Fwp%2Fv2%2Ftags&post=71933"}],"curies":[{"name":"wp","href":"https:\/\/api.w.org\/{rel}","templated":true}]}}