{"id":71930,"date":"2025-12-04T10:14:52","date_gmt":"2025-12-04T07:14:52","guid":{"rendered":"https:\/\/www.egemtv.com\/?p=71930"},"modified":"2025-12-04T10:14:53","modified_gmt":"2025-12-04T07:14:53","slug":"isitme-ve-gorme-engelli-ogrenciler-kuran-tilaveti-ve-ilahilerle-gonulleri-fethetti","status":"publish","type":"post","link":"https:\/\/www.egemtv.com\/?p=71930","title":{"rendered":"\u0130\u015fitme ve g\u00f6rme engelli \u00f6\u011frenciler Kur\u2019an tilaveti ve ilahilerle g\u00f6n\u00fclleri fethetti"},"content":{"rendered":"<p>K\u00fctahya\u2019n\u0131n Tav\u015fanl\u0131 il\u00e7esinde, 3 Aral\u0131k D\u00fcnya Engelliler Fark\u0131ndal\u0131k G\u00fcn\u00fc dolay\u0131s\u0131yla Tav\u015fanl\u0131 \u0130l\u00e7e M\u00fcft\u00fcl\u00fc\u011f\u00fc taraf\u0131ndan d\u00fczenlenen programda, g\u00f6rme engelli \u00f6\u011frencilerin Braille alfabesiyle okudu\u011fu Kur\u2019an-\u0131 Kerim tilaveti salonda duygusal anlar ya\u015fatt\u0131.<br \/>\n<br \/>Tav\u015fanl\u0131 \u0130l\u00e7e M\u00fcft\u00fcl\u00fc\u011f\u00fc\u2019ne ba\u011fl\u0131 Arslanbey \u0130\u015fitme ve G\u00f6rme Engelliler Kur\u2019an Kursu taraf\u0131ndan organize edilen program, Tav\u015fanl\u0131 Belediyesi K\u00fclt\u00fcr Merkezi\u2019nde ger\u00e7ekle\u015ftirildi. Programa vatanda\u015flar\u0131n ilgisi yo\u011fun olurken, salon h\u0131nca h\u0131n\u00e7 doldu. Programda Tav\u015fanl\u0131 Kaymakam\u0131 \u00d6mer Faruk \u00d6zdemir, \u0130l M\u00fcft\u00fcs\u00fc Dr. \u0130rfan A\u00e7\u0131k, Belediye Ba\u015fkan Vekili Aziz Solmaz, \u0130l\u00e7e Jandarma Komutan\u0131 \u00dcste\u011fmen \u0130smail Bayar ve \u0130l\u00e7e Emniyet M\u00fcd\u00fcr\u00fc G\u00fcven T\u00fcrkmen gibi \u00f6nemli isimler de haz\u0131r bulundu.<br \/>\n<br \/>Program, \u0130stiklal Mar\u015f\u0131\u2019n\u0131n co\u015fkuyla okunmas\u0131n\u0131n ard\u0131ndan resmen ba\u015flad\u0131. A\u00e7\u0131l\u0131\u015f konu\u015fmas\u0131n\u0131 Tav\u015fanl\u0131 \u0130l\u00e7e M\u00fcft\u00fcs\u00fc Mevl\u00fct Hakan Asan yapt\u0131. M\u00fcft\u00fc Asan, konu\u015fmas\u0131nda engelli bireylerin toplumsal ya\u015fama kat\u0131l\u0131m\u0131n\u0131n ve fark\u0131ndal\u0131\u011f\u0131n \u00f6nemine vurgu yapt\u0131.<br \/>\n<br \/>Kur\u2019an kursu \u00f6\u011frencilerinin sahneledi\u011fi g\u00f6steriler, kat\u0131l\u0131mc\u0131lardan b\u00fcy\u00fck takdir toplad\u0131. G\u00f6rme engelli \u00f6\u011frenciler, \u00f6zel olarak Braille alfabesiyle haz\u0131rlanan Kur\u2019an-\u0131 Kerim\u2019den tilavet ger\u00e7ekle\u015ftirirken, i\u015fitme engelli \u00f6\u011frenciler de haz\u0131rlad\u0131klar\u0131 ilahileri i\u015faret diliyle b\u00fcy\u00fck bir hassasiyetle seslendirdi.<br \/>\n<br \/>\u00d6zellikle g\u00f6rme engelli \u00f6\u011frenciler taraf\u0131ndan okunan \u015fiirler, salonda bulunan protokol \u00fcyeleri ve izleyiciler aras\u0131nda duygusal anlar\u0131n ya\u015fanmas\u0131na neden oldu. Program boyunca yap\u0131lan i\u015faret diliyle anlat\u0131m, t\u00fcm engelli bireylerin programa aktif olarak kat\u0131l\u0131m\u0131n\u0131 sa\u011flad\u0131.<br \/><\/p>\n","protected":false},"excerpt":{"rendered":"<p>K\u00fctahya\u2019n\u0131n Tav\u015fanl\u0131 il\u00e7esinde, 3 Aral\u0131k D\u00fcnya Engelliler Fark\u0131ndal\u0131k G\u00fcn\u00fc dolay\u0131s\u0131yla Tav\u015fanl\u0131 \u0130l\u00e7e M\u00fcft\u00fcl\u00fc\u011f\u00fc taraf\u0131ndan d\u00fczenlenen programda, g\u00f6rme engelli \u00f6\u011frencilerin Braille alfabesiyle okudu\u011fu Kur\u2019an-\u0131 Kerim tilaveti salonda duygusal anlar ya\u015fatt\u0131. Tav\u015fanl\u0131 \u0130l\u00e7e M\u00fcft\u00fcl\u00fc\u011f\u00fc\u2019ne ba\u011fl\u0131 Arslanbey \u0130\u015fitme ve G\u00f6rme Engelliler Kur\u2019an Kursu taraf\u0131ndan organize edilen program, Tav\u015fanl\u0131 Belediyesi K\u00fclt\u00fcr Merkezi\u2019nde ger\u00e7ekle\u015ftirildi. Programa vatanda\u015flar\u0131n ilgisi yo\u011fun olurken, salon&#8230;<\/p>\n","protected":false},"author":1,"featured_media":71931,"comment_status":"open","ping_status":"open","sticky":false,"template":"","format":"standard","meta":{"_crdt_document":"","footnotes":""},"categories":[1],"tags":[],"class_list":["post-71930","post","type-post","status-publish","format-standard","has-post-thumbnail","hentry","category-guncel"],"_links":{"self":[{"href":"https:\/\/www.egemtv.com\/index.php?rest_route=\/wp\/v2\/posts\/71930","targetHints":{"allow":["GET"]}}],"collection":[{"href":"https:\/\/www.egemtv.com\/index.php?rest_route=\/wp\/v2\/posts"}],"about":[{"href":"https:\/\/www.egemtv.com\/index.php?rest_route=\/wp\/v2\/types\/post"}],"author":[{"embeddable":true,"href":"https:\/\/www.egemtv.com\/index.php?rest_route=\/wp\/v2\/users\/1"}],"replies":[{"embeddable":true,"href":"https:\/\/www.egemtv.com\/index.php?rest_route=%2Fwp%2Fv2%2Fcomments&post=71930"}],"version-history":[{"count":1,"href":"https:\/\/www.egemtv.com\/index.php?rest_route=\/wp\/v2\/posts\/71930\/revisions"}],"predecessor-version":[{"id":71932,"href":"https:\/\/www.egemtv.com\/index.php?rest_route=\/wp\/v2\/posts\/71930\/revisions\/71932"}],"wp:featuredmedia":[{"embeddable":true,"href":"https:\/\/www.egemtv.com\/index.php?rest_route=\/wp\/v2\/media\/71931"}],"wp:attachment":[{"href":"https:\/\/www.egemtv.com\/index.php?rest_route=%2Fwp%2Fv2%2Fmedia&parent=71930"}],"wp:term":[{"taxonomy":"category","embeddable":true,"href":"https:\/\/www.egemtv.com\/index.php?rest_route=%2Fwp%2Fv2%2Fcategories&post=71930"},{"taxonomy":"post_tag","embeddable":true,"href":"https:\/\/www.egemtv.com\/index.php?rest_route=%2Fwp%2Fv2%2Ftags&post=71930"}],"curies":[{"name":"wp","href":"https:\/\/api.w.org\/{rel}","templated":true}]}}