{"id":7183,"date":"2025-01-12T10:56:35","date_gmt":"2025-01-12T07:56:35","guid":{"rendered":"https:\/\/www.egemtv.com\/?p=7183"},"modified":"2025-01-12T10:56:37","modified_gmt":"2025-01-12T07:56:37","slug":"bozkurt-belediyesinden-deneme-sinavi-firsati","status":"publish","type":"post","link":"https:\/\/www.egemtv.com\/?p=7183","title":{"rendered":"Bozkurt Belediyesi\u2019nden deneme s\u0131nav\u0131 f\u0131rsat\u0131"},"content":{"rendered":"<p>Bozkurt Belediye Ba\u015fkan\u0131 Birsen \u00c7elik, il\u00e7edeki gen\u00e7lerin e\u011fitim hayatlar\u0131nda \u00f6nemli bir ad\u0131m atmalar\u0131na yard\u0131mc\u0131 olmak amac\u0131yla \u2018\u00fccretsiz\u2019 deneme s\u0131navlar\u0131 d\u00fczenleyeceklerini duyurdu.<br \/>\n<br \/>Ba\u015fkan \u00c7elik, hayallerine ula\u015fmak i\u00e7in b\u00fcy\u00fck bir gayret g\u00f6steren \u00f6\u011frencilere bu f\u0131rsat\u0131n sunulmas\u0131n\u0131n \u00f6nemine dikkat \u00e7ekti. Gen\u00e7lerin gelece\u011fe daha sa\u011flam ad\u0131mlarla y\u00fcr\u00fcyebilmeleri i\u00e7in her t\u00fcrl\u00fc deste\u011fi sa\u011flamaya devam edeceklerini belirtti.<br \/>\n<br \/>Bozkurt Belediyesi taraf\u0131ndan d\u00fczenlenecek olan deneme s\u0131navlar\u0131n\u0131n ilk etab\u0131, 14 Ocak 2025 tarihinde LGS s\u0131nav\u0131na girecek \u00f6\u011frencilere y\u00f6nelik olacak. Saat 16:00\u2019da ba\u015flayacak s\u0131nav, gen\u00e7lerin bu \u00f6nemli s\u0131nav i\u00e7in kendilerini test etmelerine imkan tan\u0131yacak. Ertesi g\u00fcn, 15 Ocak 2025 tarihinde ise TYT s\u0131nav\u0131na girecek olan \u00f6\u011frenciler i\u00e7in ayn\u0131 saatte, 16:15\u2019te bir deneme s\u0131nav\u0131 yap\u0131lacak.<br \/>\n<br \/>16 Ocak 2025 tarihinde ise AYT s\u0131nav\u0131na girecek \u00f6\u011frenciler i\u00e7in deneme s\u0131nav\u0131 ger\u00e7ekle\u015ftirilecek. Ayn\u0131 saatte, 16:15\u2019te ba\u015flayacak olan bu s\u0131nav, \u00fcniversiteye giri\u015f i\u00e7in haz\u0131rl\u0131k yapan \u00f6\u011frencilere b\u00fcy\u00fck bir katk\u0131 sa\u011flamay\u0131 hedefliyor. Ba\u015fkan \u00c7elik, s\u0131navlara kat\u0131lacak t\u00fcm \u00f6\u011frencilere ba\u015far\u0131lar dileyerek, gen\u00e7lerin kendilerini bu denemeler arac\u0131l\u0131\u011f\u0131yla daha iyi tan\u0131yacaklar\u0131n\u0131 ve s\u0131navlara haz\u0131rlan\u0131rken eksikliklerini g\u00f6rme f\u0131rsat\u0131 bulacaklar\u0131n\u0131 ifade etti.<br \/><\/p>\n","protected":false},"excerpt":{"rendered":"<p>Bozkurt Belediye Ba\u015fkan\u0131 Birsen \u00c7elik, il\u00e7edeki gen\u00e7lerin e\u011fitim hayatlar\u0131nda \u00f6nemli bir ad\u0131m atmalar\u0131na yard\u0131mc\u0131 olmak amac\u0131yla \u2018\u00fccretsiz\u2019 deneme s\u0131navlar\u0131 d\u00fczenleyeceklerini duyurdu. Ba\u015fkan \u00c7elik, hayallerine ula\u015fmak i\u00e7in b\u00fcy\u00fck bir gayret g\u00f6steren \u00f6\u011frencilere bu f\u0131rsat\u0131n sunulmas\u0131n\u0131n \u00f6nemine dikkat \u00e7ekti. Gen\u00e7lerin gelece\u011fe daha sa\u011flam ad\u0131mlarla y\u00fcr\u00fcyebilmeleri i\u00e7in her t\u00fcrl\u00fc deste\u011fi sa\u011flamaya devam edeceklerini belirtti. Bozkurt Belediyesi taraf\u0131ndan d\u00fczenlenecek&#8230;<\/p>\n","protected":false},"author":1,"featured_media":7184,"comment_status":"open","ping_status":"open","sticky":false,"template":"","format":"standard","meta":{"_crdt_document":"","footnotes":""},"categories":[127],"tags":[],"class_list":["post-7183","post","type-post","status-publish","format-standard","has-post-thumbnail","hentry","category-siyaset"],"_links":{"self":[{"href":"https:\/\/www.egemtv.com\/index.php?rest_route=\/wp\/v2\/posts\/7183","targetHints":{"allow":["GET"]}}],"collection":[{"href":"https:\/\/www.egemtv.com\/index.php?rest_route=\/wp\/v2\/posts"}],"about":[{"href":"https:\/\/www.egemtv.com\/index.php?rest_route=\/wp\/v2\/types\/post"}],"author":[{"embeddable":true,"href":"https:\/\/www.egemtv.com\/index.php?rest_route=\/wp\/v2\/users\/1"}],"replies":[{"embeddable":true,"href":"https:\/\/www.egemtv.com\/index.php?rest_route=%2Fwp%2Fv2%2Fcomments&post=7183"}],"version-history":[{"count":1,"href":"https:\/\/www.egemtv.com\/index.php?rest_route=\/wp\/v2\/posts\/7183\/revisions"}],"predecessor-version":[{"id":7185,"href":"https:\/\/www.egemtv.com\/index.php?rest_route=\/wp\/v2\/posts\/7183\/revisions\/7185"}],"wp:featuredmedia":[{"embeddable":true,"href":"https:\/\/www.egemtv.com\/index.php?rest_route=\/wp\/v2\/media\/7184"}],"wp:attachment":[{"href":"https:\/\/www.egemtv.com\/index.php?rest_route=%2Fwp%2Fv2%2Fmedia&parent=7183"}],"wp:term":[{"taxonomy":"category","embeddable":true,"href":"https:\/\/www.egemtv.com\/index.php?rest_route=%2Fwp%2Fv2%2Fcategories&post=7183"},{"taxonomy":"post_tag","embeddable":true,"href":"https:\/\/www.egemtv.com\/index.php?rest_route=%2Fwp%2Fv2%2Ftags&post=7183"}],"curies":[{"name":"wp","href":"https:\/\/api.w.org\/{rel}","templated":true}]}}