{"id":71750,"date":"2025-12-03T12:54:35","date_gmt":"2025-12-03T09:54:35","guid":{"rendered":"https:\/\/www.egemtv.com\/?p=71750"},"modified":"2025-12-03T12:54:35","modified_gmt":"2025-12-03T09:54:35","slug":"kutahyada-aksam-ciftci-toplantilari-basladi","status":"publish","type":"post","link":"https:\/\/www.egemtv.com\/?p=71750","title":{"rendered":"K\u00fctahya\u2019da ak\u015fam \u00e7ift\u00e7i toplant\u0131lar\u0131 ba\u015flad\u0131"},"content":{"rendered":"<p>K\u00fctahya \u0130l Tar\u0131m ve Orman M\u00fcd\u00fcrl\u00fc\u011f\u00fc personeli taraf\u0131ndan ak\u015fam \u00e7ift\u00e7i toplant\u0131lar\u0131na ba\u015fland\u0131\u011f\u0131 bildirildi.<br \/>\n<br \/>Merkeze ba\u011fl\u0131 Karsak ve S\u0131r\u00f6ren k\u00f6ylerinde yap\u0131lan ak\u015fam \u00e7ift\u00e7i toplant\u0131lar\u0131nda, \u00c7KS m\u00fcracaatlar\u0131, yeni destekleme modeli, m\u00fcnavebe, taahh\u00fctname ve arazi kay\u0131tl\u0131l\u0131\u011f\u0131 ile bitki sa\u011fl\u0131\u011f\u0131 konular\u0131 \u00f6ncelikli olarak ele al\u0131nd\u0131.<br \/>\n<br \/>Yetkililer, ak\u015fam toplant\u0131lar\u0131n\u0131n Aral\u0131k ay\u0131 boyunca merkez il\u00e7e ve k\u00f6ylerde devam edece\u011fini ifade ettiler.<br \/><\/p>\n","protected":false},"excerpt":{"rendered":"<p>K\u00fctahya \u0130l Tar\u0131m ve Orman M\u00fcd\u00fcrl\u00fc\u011f\u00fc personeli taraf\u0131ndan ak\u015fam \u00e7ift\u00e7i toplant\u0131lar\u0131na ba\u015fland\u0131\u011f\u0131 bildirildi. Merkeze ba\u011fl\u0131 Karsak ve S\u0131r\u00f6ren k\u00f6ylerinde yap\u0131lan ak\u015fam \u00e7ift\u00e7i toplant\u0131lar\u0131nda, \u00c7KS m\u00fcracaatlar\u0131, yeni destekleme modeli, m\u00fcnavebe, taahh\u00fctname ve arazi kay\u0131tl\u0131l\u0131\u011f\u0131 ile bitki sa\u011fl\u0131\u011f\u0131 konular\u0131 \u00f6ncelikli olarak ele al\u0131nd\u0131. Yetkililer, ak\u015fam toplant\u0131lar\u0131n\u0131n Aral\u0131k ay\u0131 boyunca merkez il\u00e7e ve k\u00f6ylerde devam edece\u011fini ifade ettiler.<\/p>\n","protected":false},"author":1,"featured_media":71751,"comment_status":"open","ping_status":"open","sticky":false,"template":"","format":"standard","meta":{"_crdt_document":"","footnotes":""},"categories":[1],"tags":[],"class_list":["post-71750","post","type-post","status-publish","format-standard","has-post-thumbnail","hentry","category-guncel"],"_links":{"self":[{"href":"https:\/\/www.egemtv.com\/index.php?rest_route=\/wp\/v2\/posts\/71750","targetHints":{"allow":["GET"]}}],"collection":[{"href":"https:\/\/www.egemtv.com\/index.php?rest_route=\/wp\/v2\/posts"}],"about":[{"href":"https:\/\/www.egemtv.com\/index.php?rest_route=\/wp\/v2\/types\/post"}],"author":[{"embeddable":true,"href":"https:\/\/www.egemtv.com\/index.php?rest_route=\/wp\/v2\/users\/1"}],"replies":[{"embeddable":true,"href":"https:\/\/www.egemtv.com\/index.php?rest_route=%2Fwp%2Fv2%2Fcomments&post=71750"}],"version-history":[{"count":1,"href":"https:\/\/www.egemtv.com\/index.php?rest_route=\/wp\/v2\/posts\/71750\/revisions"}],"predecessor-version":[{"id":71752,"href":"https:\/\/www.egemtv.com\/index.php?rest_route=\/wp\/v2\/posts\/71750\/revisions\/71752"}],"wp:featuredmedia":[{"embeddable":true,"href":"https:\/\/www.egemtv.com\/index.php?rest_route=\/wp\/v2\/media\/71751"}],"wp:attachment":[{"href":"https:\/\/www.egemtv.com\/index.php?rest_route=%2Fwp%2Fv2%2Fmedia&parent=71750"}],"wp:term":[{"taxonomy":"category","embeddable":true,"href":"https:\/\/www.egemtv.com\/index.php?rest_route=%2Fwp%2Fv2%2Fcategories&post=71750"},{"taxonomy":"post_tag","embeddable":true,"href":"https:\/\/www.egemtv.com\/index.php?rest_route=%2Fwp%2Fv2%2Ftags&post=71750"}],"curies":[{"name":"wp","href":"https:\/\/api.w.org\/{rel}","templated":true}]}}