{"id":71747,"date":"2025-12-03T12:54:34","date_gmt":"2025-12-03T09:54:34","guid":{"rendered":"https:\/\/www.egemtv.com\/?p=71747"},"modified":"2025-12-03T12:54:35","modified_gmt":"2025-12-03T09:54:35","slug":"efelere-4-bin-kisilik-spor-salonu","status":"publish","type":"post","link":"https:\/\/www.egemtv.com\/?p=71747","title":{"rendered":"Efeler\u2019e 4 bin ki\u015filik spor salonu"},"content":{"rendered":"<p>Ayd\u0131n\u2019\u0131n Efeler il\u00e7esi \u00c7e\u015ftepe Mahallesi\u2019nde yap\u0131lmas\u0131 planlanan 4 bin seyirci kapasiteli yeni spor salonu ile kamp e\u011fitim merkezi i\u00e7in protokol imzalan\u0131rken, 77 bin metrekarelik alanda hayata ge\u00e7irilecek proje kentin spor altyap\u0131s\u0131 ad\u0131na \u00f6nemli bir yat\u0131r\u0131m olarak hayata ge\u00e7irilecek.<\/p>\n<p>Ayd\u0131n Gen\u00e7lik ve Spor \u0130l M\u00fcd\u00fcrl\u00fc\u011f\u00fc ile Spor Toto aras\u0131nda imzalanan yat\u0131r\u0131m protokol\u00fc, Spor Toto Ba\u015fkan Vekili Metin Ayvazo\u011flu ile AK Parti Ayd\u0131n Milletvekilleri Mustafa Sava\u015f, Seda Sar\u0131ba\u015f ve \u00d6mer \u00d6zmen\u2019in kat\u0131l\u0131m\u0131yla ger\u00e7ekle\u015ftirildi. Proje kapsam\u0131nda toplam 17 bin 578 metrekare in\u015faat alan\u0131na sahip modern bir tesis in\u015fa edilecek. \u00dc\u00e7 ana bloktan olu\u015facak tesisin A Blok b\u00f6l\u00fcm\u00fcnde, 4 bin ki\u015filik seyirci kapasitesine sahip \u00e7ok ama\u00e7l\u0131 spor salonu yer alacak. Ulusal ve uluslararas\u0131 organizasyonlara ev sahipli\u011fi yapabilecek \u015fekilde tasarlanan salonda, sporcular i\u00e7in soyunma odalar\u0131, antren\u00f6r odalar\u0131, kondisyon salonu, y\u00f6netim alanlar\u0131 ve protokol b\u00f6l\u00fcmleri bulunacak. B Blok\u2019ta bireysel spor bran\u015flar\u0131na y\u00f6nelik antrenman salonlar\u0131, at\u0131\u015f poligonu, kondisyon ve halter salonlar\u0131 ile sauna ve masaj alanlar\u0131 yer alacak. C Blok\u2019ta ise kamp e\u011fitim merkezi konumland\u0131r\u0131lacak; burada \u00e7al\u0131\u015fma alanlar\u0131, yemekhane, seminer salonu, k\u00fct\u00fcphane ve kafeterya sporcular\u0131n hizmetine sunulacak.<\/p>\n<p>Ayd\u0131n\u2019da sporun geli\u015fimine uzun vadeli katk\u0131 sunmas\u0131 hedeflenen proje i\u00e7in Gen\u00e7lik ve Spor \u0130l M\u00fcd\u00fcrl\u00fc\u011f\u00fc taraf\u0131ndan yap\u0131lan de\u011ferlendirmede, desteklerinden dolay\u0131 Cumhurba\u015fkan\u0131 Recep Tayyip Erdo\u011fan, Gen\u00e7lik ve Spor Bakan\u0131 Osman A\u015fk\u0131n Bak, Ayd\u0131n Valisi Yakup Canbolat ve Ayd\u0131n milletvekillerine te\u015fekk\u00fcr edildi.<br \/><\/p>\n","protected":false},"excerpt":{"rendered":"<p>Ayd\u0131n\u2019\u0131n Efeler il\u00e7esi \u00c7e\u015ftepe Mahallesi\u2019nde yap\u0131lmas\u0131 planlanan 4 bin seyirci kapasiteli yeni spor salonu ile kamp e\u011fitim merkezi i\u00e7in protokol imzalan\u0131rken, 77 bin metrekarelik alanda hayata ge\u00e7irilecek proje kentin spor altyap\u0131s\u0131 ad\u0131na \u00f6nemli bir yat\u0131r\u0131m olarak hayata ge\u00e7irilecek. Ayd\u0131n Gen\u00e7lik ve Spor \u0130l M\u00fcd\u00fcrl\u00fc\u011f\u00fc ile Spor Toto aras\u0131nda imzalanan yat\u0131r\u0131m protokol\u00fc, Spor Toto Ba\u015fkan Vekili&#8230;<\/p>\n","protected":false},"author":1,"featured_media":71748,"comment_status":"open","ping_status":"open","sticky":false,"template":"","format":"standard","meta":{"_crdt_document":"","footnotes":""},"categories":[4],"tags":[],"class_list":["post-71747","post","type-post","status-publish","format-standard","has-post-thumbnail","hentry","category-spor"],"_links":{"self":[{"href":"https:\/\/www.egemtv.com\/index.php?rest_route=\/wp\/v2\/posts\/71747","targetHints":{"allow":["GET"]}}],"collection":[{"href":"https:\/\/www.egemtv.com\/index.php?rest_route=\/wp\/v2\/posts"}],"about":[{"href":"https:\/\/www.egemtv.com\/index.php?rest_route=\/wp\/v2\/types\/post"}],"author":[{"embeddable":true,"href":"https:\/\/www.egemtv.com\/index.php?rest_route=\/wp\/v2\/users\/1"}],"replies":[{"embeddable":true,"href":"https:\/\/www.egemtv.com\/index.php?rest_route=%2Fwp%2Fv2%2Fcomments&post=71747"}],"version-history":[{"count":1,"href":"https:\/\/www.egemtv.com\/index.php?rest_route=\/wp\/v2\/posts\/71747\/revisions"}],"predecessor-version":[{"id":71749,"href":"https:\/\/www.egemtv.com\/index.php?rest_route=\/wp\/v2\/posts\/71747\/revisions\/71749"}],"wp:featuredmedia":[{"embeddable":true,"href":"https:\/\/www.egemtv.com\/index.php?rest_route=\/wp\/v2\/media\/71748"}],"wp:attachment":[{"href":"https:\/\/www.egemtv.com\/index.php?rest_route=%2Fwp%2Fv2%2Fmedia&parent=71747"}],"wp:term":[{"taxonomy":"category","embeddable":true,"href":"https:\/\/www.egemtv.com\/index.php?rest_route=%2Fwp%2Fv2%2Fcategories&post=71747"},{"taxonomy":"post_tag","embeddable":true,"href":"https:\/\/www.egemtv.com\/index.php?rest_route=%2Fwp%2Fv2%2Ftags&post=71747"}],"curies":[{"name":"wp","href":"https:\/\/api.w.org\/{rel}","templated":true}]}}