{"id":71744,"date":"2025-12-03T12:40:54","date_gmt":"2025-12-03T09:40:54","guid":{"rendered":"https:\/\/www.egemtv.com\/?p=71744"},"modified":"2025-12-03T12:40:55","modified_gmt":"2025-12-03T09:40:55","slug":"kaymakam-ilhan-ozel-ogrencileri-agirladi","status":"publish","type":"post","link":"https:\/\/www.egemtv.com\/?p=71744","title":{"rendered":"Kaymakam \u0130lhan, \u00f6zel \u00f6\u011frencileri a\u011f\u0131rlad\u0131"},"content":{"rendered":"<p>3 Aral\u0131k D\u00fcnya Engelliler G\u00fcn\u00fc kapsam\u0131nda, Mu\u011fla\u2019n\u0131n Yata\u011fan il\u00e7esindeki \u00d6zel E\u011fitim ve Rehabilitasyon Merkezi \u00f6\u011frencileri, Yata\u011fan Kaymakam\u0131 Turgay \u0130lhan\u2019\u0131 makam\u0131nda ziyaret etti.<\/p>\n<p>Ziyarette, engelli bireylere y\u00f6nelik fark\u0131ndal\u0131\u011f\u0131n art\u0131r\u0131lmas\u0131, e\u011fitim s\u00fcre\u00e7lerinin g\u00fc\u00e7lendirilmesi ve toplumda duyarl\u0131l\u0131\u011f\u0131n art\u0131r\u0131lmas\u0131 amac\u0131yla ger\u00e7ekle\u015ftirilen \u00e7al\u0131\u015fmalar \u00fczerine sohbet edildi. Kaymakam \u0130lhan, \u00f6zel \u00f6\u011frencilerle tek tek ilgilenerek onlara g\u00fcn\u00fcn an\u0131s\u0131na \u00e7e\u015fitli hediyeler verdi.<\/p>\n<p>\u00d6\u011frencilerin ziyaretinden duydu\u011fu memnuniyeti dile getiren Kaymakam Turgay \u0130lhan, engelli bireylerin toplumsal hayat\u0131n vazge\u00e7ilmez bir par\u00e7as\u0131 oldu\u011funu vurgulayarak, &#8220;Devlet olarak engelli vatanda\u015flar\u0131m\u0131z\u0131n her zaman yan\u0131nday\u0131z. Onlar\u0131n hayat\u0131n\u0131 kolayla\u015ft\u0131rmak i\u00e7in var g\u00fcc\u00fcm\u00fczle \u00e7al\u0131\u015f\u0131yoruz&#8221; dedi.<\/p>\n<p>Ziyarette, \u00d6zel E\u011fitim ve Rehabilitasyon Merkezi y\u00f6neticileri, \u00f6\u011fretmenleri ve aileler de haz\u0131r bulundu.<br \/><\/p>\n","protected":false},"excerpt":{"rendered":"<p>3 Aral\u0131k D\u00fcnya Engelliler G\u00fcn\u00fc kapsam\u0131nda, Mu\u011fla\u2019n\u0131n Yata\u011fan il\u00e7esindeki \u00d6zel E\u011fitim ve Rehabilitasyon Merkezi \u00f6\u011frencileri, Yata\u011fan Kaymakam\u0131 Turgay \u0130lhan\u2019\u0131 makam\u0131nda ziyaret etti. Ziyarette, engelli bireylere y\u00f6nelik fark\u0131ndal\u0131\u011f\u0131n art\u0131r\u0131lmas\u0131, e\u011fitim s\u00fcre\u00e7lerinin g\u00fc\u00e7lendirilmesi ve toplumda duyarl\u0131l\u0131\u011f\u0131n art\u0131r\u0131lmas\u0131 amac\u0131yla ger\u00e7ekle\u015ftirilen \u00e7al\u0131\u015fmalar \u00fczerine sohbet edildi. Kaymakam \u0130lhan, \u00f6zel \u00f6\u011frencilerle tek tek ilgilenerek onlara g\u00fcn\u00fcn an\u0131s\u0131na \u00e7e\u015fitli hediyeler verdi. \u00d6\u011frencilerin&#8230;<\/p>\n","protected":false},"author":1,"featured_media":71745,"comment_status":"open","ping_status":"open","sticky":false,"template":"","format":"standard","meta":{"_crdt_document":"","footnotes":""},"categories":[1],"tags":[],"class_list":["post-71744","post","type-post","status-publish","format-standard","has-post-thumbnail","hentry","category-guncel"],"_links":{"self":[{"href":"https:\/\/www.egemtv.com\/index.php?rest_route=\/wp\/v2\/posts\/71744","targetHints":{"allow":["GET"]}}],"collection":[{"href":"https:\/\/www.egemtv.com\/index.php?rest_route=\/wp\/v2\/posts"}],"about":[{"href":"https:\/\/www.egemtv.com\/index.php?rest_route=\/wp\/v2\/types\/post"}],"author":[{"embeddable":true,"href":"https:\/\/www.egemtv.com\/index.php?rest_route=\/wp\/v2\/users\/1"}],"replies":[{"embeddable":true,"href":"https:\/\/www.egemtv.com\/index.php?rest_route=%2Fwp%2Fv2%2Fcomments&post=71744"}],"version-history":[{"count":1,"href":"https:\/\/www.egemtv.com\/index.php?rest_route=\/wp\/v2\/posts\/71744\/revisions"}],"predecessor-version":[{"id":71746,"href":"https:\/\/www.egemtv.com\/index.php?rest_route=\/wp\/v2\/posts\/71744\/revisions\/71746"}],"wp:featuredmedia":[{"embeddable":true,"href":"https:\/\/www.egemtv.com\/index.php?rest_route=\/wp\/v2\/media\/71745"}],"wp:attachment":[{"href":"https:\/\/www.egemtv.com\/index.php?rest_route=%2Fwp%2Fv2%2Fmedia&parent=71744"}],"wp:term":[{"taxonomy":"category","embeddable":true,"href":"https:\/\/www.egemtv.com\/index.php?rest_route=%2Fwp%2Fv2%2Fcategories&post=71744"},{"taxonomy":"post_tag","embeddable":true,"href":"https:\/\/www.egemtv.com\/index.php?rest_route=%2Fwp%2Fv2%2Ftags&post=71744"}],"curies":[{"name":"wp","href":"https:\/\/api.w.org\/{rel}","templated":true}]}}