{"id":71741,"date":"2025-12-03T12:40:54","date_gmt":"2025-12-03T09:40:54","guid":{"rendered":"https:\/\/www.egemtv.com\/?p=71741"},"modified":"2025-12-03T12:40:54","modified_gmt":"2025-12-03T09:40:54","slug":"polisten-500-ogrenciye-siberay-egitimi","status":"publish","type":"post","link":"https:\/\/www.egemtv.com\/?p=71741","title":{"rendered":"Polisten 500 \u00f6\u011frenciye S\u0130BERAY egitimi"},"content":{"rendered":"<p>Afyonkarahisar\u2019da polis ekipleri taraf\u0131ndan yakla\u015f\u0131k 500 \u00f6\u011frenciye \u2019S\u0130BERAY\u2019 program\u0131 program\u0131n \u00e7er\u00e7evesinde g\u00fcvenli internet kullan\u0131m\u0131 e\u011fitimi verildi.<br \/>\n<br \/>Ger\u00e7ekle\u015ftirilen e\u011fitim \u00e7al\u0131\u015fmas\u0131 ile ilgili Afyonkarahisar \u0130l Emniyet M\u00fcd\u00fcrl\u00fc\u011f\u00fc\u2019nden yap\u0131lan yaz\u0131l\u0131 a\u00e7\u0131klamada, e\u011fitim \u00e7al\u0131\u015fmas\u0131n\u0131n verimli ge\u00e7ti\u011fi belirtildi. A\u00e7\u0131klamada, &#8220;Siber su\u00e7lar\u0131n ger\u00e7ekle\u015fmeden engellenmesi, maddi manevi zararlar\u0131n en aza indirgenmesi, fark\u0131ndal\u0131k ve bilin\u00e7lendirme faaliyetleri yap\u0131lmas\u0131 amac\u0131yla e\u011fitim verildi. Program \u00e7er\u00e7evesinde \u015euhut Sa\u011fl\u0131k Hizmetleri Meslek Y\u00fcksekokulu, KYK Bac\u0131m Sultan K\u0131z \u00d6\u011frenci Yurdu, TOK\u0130 Sosyal Bilimler Lisesi ve 125. Y\u0131l Ortaokulunda \u2019G\u00fcvenli ve Bilin\u00e7li \u0130nternet Kullan\u0131m\u0131, Siber Zorbal\u0131k, Teknoloji Ba\u011f\u0131ml\u0131l\u0131\u011f\u0131 ve Dijital Okur Yazarl\u0131k\u2019 konular\u0131nda toplam 480 \u00f6\u011frenci, \u00f6\u011fretmen ve ebeveyne y\u00f6nelik seminer faaliyeti ger\u00e7ekle\u015ftirilmi\u015ftir&#8221; ifadelerine yer verildi.<br \/><\/p>\n","protected":false},"excerpt":{"rendered":"<p>Afyonkarahisar\u2019da polis ekipleri taraf\u0131ndan yakla\u015f\u0131k 500 \u00f6\u011frenciye \u2019S\u0130BERAY\u2019 program\u0131 program\u0131n \u00e7er\u00e7evesinde g\u00fcvenli internet kullan\u0131m\u0131 e\u011fitimi verildi. Ger\u00e7ekle\u015ftirilen e\u011fitim \u00e7al\u0131\u015fmas\u0131 ile ilgili Afyonkarahisar \u0130l Emniyet M\u00fcd\u00fcrl\u00fc\u011f\u00fc\u2019nden yap\u0131lan yaz\u0131l\u0131 a\u00e7\u0131klamada, e\u011fitim \u00e7al\u0131\u015fmas\u0131n\u0131n verimli ge\u00e7ti\u011fi belirtildi. A\u00e7\u0131klamada, &#8220;Siber su\u00e7lar\u0131n ger\u00e7ekle\u015fmeden engellenmesi, maddi manevi zararlar\u0131n en aza indirgenmesi, fark\u0131ndal\u0131k ve bilin\u00e7lendirme faaliyetleri yap\u0131lmas\u0131 amac\u0131yla e\u011fitim verildi. Program \u00e7er\u00e7evesinde \u015euhut&#8230;<\/p>\n","protected":false},"author":1,"featured_media":71742,"comment_status":"open","ping_status":"open","sticky":false,"template":"","format":"standard","meta":{"_crdt_document":"","footnotes":""},"categories":[1],"tags":[],"class_list":["post-71741","post","type-post","status-publish","format-standard","has-post-thumbnail","hentry","category-guncel"],"_links":{"self":[{"href":"https:\/\/www.egemtv.com\/index.php?rest_route=\/wp\/v2\/posts\/71741","targetHints":{"allow":["GET"]}}],"collection":[{"href":"https:\/\/www.egemtv.com\/index.php?rest_route=\/wp\/v2\/posts"}],"about":[{"href":"https:\/\/www.egemtv.com\/index.php?rest_route=\/wp\/v2\/types\/post"}],"author":[{"embeddable":true,"href":"https:\/\/www.egemtv.com\/index.php?rest_route=\/wp\/v2\/users\/1"}],"replies":[{"embeddable":true,"href":"https:\/\/www.egemtv.com\/index.php?rest_route=%2Fwp%2Fv2%2Fcomments&post=71741"}],"version-history":[{"count":1,"href":"https:\/\/www.egemtv.com\/index.php?rest_route=\/wp\/v2\/posts\/71741\/revisions"}],"predecessor-version":[{"id":71743,"href":"https:\/\/www.egemtv.com\/index.php?rest_route=\/wp\/v2\/posts\/71741\/revisions\/71743"}],"wp:featuredmedia":[{"embeddable":true,"href":"https:\/\/www.egemtv.com\/index.php?rest_route=\/wp\/v2\/media\/71742"}],"wp:attachment":[{"href":"https:\/\/www.egemtv.com\/index.php?rest_route=%2Fwp%2Fv2%2Fmedia&parent=71741"}],"wp:term":[{"taxonomy":"category","embeddable":true,"href":"https:\/\/www.egemtv.com\/index.php?rest_route=%2Fwp%2Fv2%2Fcategories&post=71741"},{"taxonomy":"post_tag","embeddable":true,"href":"https:\/\/www.egemtv.com\/index.php?rest_route=%2Fwp%2Fv2%2Ftags&post=71741"}],"curies":[{"name":"wp","href":"https:\/\/api.w.org\/{rel}","templated":true}]}}