{"id":71738,"date":"2025-12-03T12:40:53","date_gmt":"2025-12-03T09:40:53","guid":{"rendered":"https:\/\/www.egemtv.com\/?p=71738"},"modified":"2025-12-03T12:40:54","modified_gmt":"2025-12-03T09:40:54","slug":"baskan-koksal-arastan-3-aralik-dunya-engelliler-gunu-mesaji","status":"publish","type":"post","link":"https:\/\/www.egemtv.com\/?p=71738","title":{"rendered":"Ba\u015fkan K\u00f6ksal Aras\u2019tan 3 Aral\u0131k D\u00fcnya Engelliler G\u00fcn\u00fc mesaj\u0131"},"content":{"rendered":"<p>Mente\u015fe Belediye Ba\u015fkan\u0131 Gonca K\u00f6ksal Aras, 3 Aral\u0131k D\u00fcnya Engelliler G\u00fcn\u00fc dolay\u0131s\u0131yla yay\u0131mlad\u0131\u011f\u0131 mesajda, bug\u00fcn\u00fcn e\u015fit yurtta\u015fl\u0131k hakk\u0131n\u0131n alt\u0131n\u0131 \u00e7izen \u00f6nemli bir hat\u0131rlatma oldu\u011funu belirtti.<br \/>\n<br \/>Ba\u015fkan K\u00f6ksal Aras mesaj\u0131nda \u015fu ifadelere yer verdi:<br \/>\n<br \/>&#8220;3 Aral\u0131k, engelli bireylerimizin toplumdaki yerini g\u00fc\u00e7lendirmek, ya\u015fam kalitelerini art\u0131rmak, kar\u015f\u0131la\u015ft\u0131klar\u0131 engelleri kald\u0131rmak i\u00e7in hepimize sorumluluk y\u00fckleyen anlaml\u0131 bir g\u00fcnd\u00fcr. Engelli bireylerimizin hayat\u0131n\u0131 kolayla\u015ft\u0131racak projeler \u00fcretmek, ihtiya\u00e7lar\u0131n\u0131 en iyi \u015fekilde kar\u015f\u0131lamak ve onlar\u0131n ya\u015fam\u0131n her alan\u0131nda aktif bir \u015fekilde yer almalar\u0131n\u0131 sa\u011flamak en temel \u00f6nceliklerimizden biridir&#8221;<br \/>\n<br \/>Engellili\u011fin yaln\u0131zca bireylerin ya da ailelerinin omuzlar\u0131na b\u0131rak\u0131lacak bir y\u00fck olmad\u0131\u011f\u0131n\u0131 vurgulayan Ba\u015fkan K\u00f6ksal Aras, s\u00f6zlerini \u015f\u00f6yle s\u00fcrd\u00fcrd\u00fc:<br \/>\n<br \/>&#8220;Her bireyin e\u015fit, g\u00fcvenli ve sa\u011fl\u0131kl\u0131 ya\u015fama hakk\u0131 vard\u0131r. Biz de Mente\u015fe\u2019de, \u00f6zel ihtiya\u00e7l\u0131 bireylerimizin sosyal hayatta daha aktif, g\u00f6r\u00fcn\u00fcr ve \u00f6zg\u00fcr bir \u015fekilde var olmas\u0131n\u0131 \u00e7ok \u00f6nemsiyoruz. Bunun i\u00e7in belediye olarak eri\u015filebilirlikten sosyal deste\u011fe, e\u011fitimden rehabilitasyona kadar pek \u00e7ok alanda \u00e7al\u0131\u015fmalar y\u00fcr\u00fct\u00fcyoruz&#8221;<br \/>\n<br \/>Ba\u015fkan K\u00f6ksal Aras mesaj\u0131nda engelli bireylerin g\u00fcnl\u00fck hayatta kar\u015f\u0131la\u015ft\u0131\u011f\u0131 sorunlara da dikkat \u00e7ekti:<br \/>\n<br \/>&#8220;Bug\u00fcn pek \u00e7ok \u00f6zel ihtiya\u00e7l\u0131 birey; ula\u015f\u0131mda, e\u011fitimde, istihdamda, kamusal alan kullan\u0131m\u0131nda h\u00e2l\u00e2 ciddi engellerle kar\u015f\u0131la\u015f\u0131yor. \u0130\u015fte bu nedenle 3 Aral\u0131k fark\u0131ndal\u0131k, e\u015fitlik ve adalet \u00e7a\u011fr\u0131s\u0131d\u0131r. Empati kurmak, destek olmak ve birlikte ya\u015fama k\u00fclt\u00fcr\u00fcn\u00fc g\u00fc\u00e7lendirmek hepimizin ortak g\u00f6revidir.&#8221;<br \/>\n<br \/>Mente\u015fe Belediyesi\u2019nin engelli bireylere y\u00f6nelik \u00e7al\u0131\u015fmalar\u0131ndan bahseden Ba\u015fkan K\u00f6ksal Aras, a\u00e7\u0131lan merkez ve y\u00fcr\u00fct\u00fclen programlara da de\u011findi:<br \/>\n<br \/>&#8220;Bu anlay\u0131\u015fla Otizm Hareket Merkezi Bi Nefes\u2019i hizmete a\u00e7t\u0131k. Merkezimizde otizmli bireylerin motor becerilerini geli\u015ftirmeye, fiziksel aktivitelerini g\u00fc\u00e7lendirmeye y\u00f6nelik \u00f6zel programlar uyguluyoruz. \u00d6zel ihtiya\u00e7l\u0131 bireylerimiz i\u00e7in etkinlikler, e\u011fitimler, fark\u0131ndal\u0131k programlar\u0131 d\u00fczenliyoruz. Her bir \u00e7al\u0131\u015fma, onlar\u0131n ya\u015fam\u0131na dokunmak, ailelerine nefes olmak i\u00e7indir.&#8221;<br \/>\n<br \/>Mesaj\u0131n\u0131n sonunda toplumsal dayan\u0131\u015fmaya vurgu yapan Ba\u015fkan K\u00f6ksal Aras \u015fu s\u00f6zlerle \u00e7a\u011fr\u0131s\u0131n\u0131 yineledi:<br \/>\n<br \/>&#8220;Engellilik, yaln\u0131zca bireyin de\u011fil, t\u00fcm toplumun ortak sorumlulu\u011fudur. Her birey, e\u015fit f\u0131rsatlara sahip oldu\u011fu bir kentte ya\u015famal\u0131d\u0131r. Ancak o zaman daha adil, daha kapsay\u0131c\u0131 ve daha g\u00fc\u00e7l\u00fc bir Mente\u015fe\u2019yi hep birlikte in\u015fa edebiliriz. Engelli bireylerimiz ve aileleriyle \u00e7\u0131kt\u0131\u011f\u0131m\u0131z bu umut dolu yolculukta her zaman yanlar\u0131nda olaca\u011f\u0131z. \u00c7\u00fcnk\u00fc inan\u0131yorum ki; sevgiyle, anlay\u0131\u015fla ve dayan\u0131\u015fmayla at\u0131lan her ad\u0131m, engelleri ortadan kald\u0131r\u0131r&#8221;<br \/><\/p>\n","protected":false},"excerpt":{"rendered":"<p>Mente\u015fe Belediye Ba\u015fkan\u0131 Gonca K\u00f6ksal Aras, 3 Aral\u0131k D\u00fcnya Engelliler G\u00fcn\u00fc dolay\u0131s\u0131yla yay\u0131mlad\u0131\u011f\u0131 mesajda, bug\u00fcn\u00fcn e\u015fit yurtta\u015fl\u0131k hakk\u0131n\u0131n alt\u0131n\u0131 \u00e7izen \u00f6nemli bir hat\u0131rlatma oldu\u011funu belirtti. Ba\u015fkan K\u00f6ksal Aras mesaj\u0131nda \u015fu ifadelere yer verdi: &#8220;3 Aral\u0131k, engelli bireylerimizin toplumdaki yerini g\u00fc\u00e7lendirmek, ya\u015fam kalitelerini art\u0131rmak, kar\u015f\u0131la\u015ft\u0131klar\u0131 engelleri kald\u0131rmak i\u00e7in hepimize sorumluluk y\u00fckleyen anlaml\u0131 bir g\u00fcnd\u00fcr. Engelli bireylerimizin&#8230;<\/p>\n","protected":false},"author":1,"featured_media":71739,"comment_status":"open","ping_status":"open","sticky":false,"template":"","format":"standard","meta":{"_crdt_document":"","footnotes":""},"categories":[123],"tags":[],"class_list":["post-71738","post","type-post","status-publish","format-standard","has-post-thumbnail","hentry","category-gundem"],"_links":{"self":[{"href":"https:\/\/www.egemtv.com\/index.php?rest_route=\/wp\/v2\/posts\/71738","targetHints":{"allow":["GET"]}}],"collection":[{"href":"https:\/\/www.egemtv.com\/index.php?rest_route=\/wp\/v2\/posts"}],"about":[{"href":"https:\/\/www.egemtv.com\/index.php?rest_route=\/wp\/v2\/types\/post"}],"author":[{"embeddable":true,"href":"https:\/\/www.egemtv.com\/index.php?rest_route=\/wp\/v2\/users\/1"}],"replies":[{"embeddable":true,"href":"https:\/\/www.egemtv.com\/index.php?rest_route=%2Fwp%2Fv2%2Fcomments&post=71738"}],"version-history":[{"count":1,"href":"https:\/\/www.egemtv.com\/index.php?rest_route=\/wp\/v2\/posts\/71738\/revisions"}],"predecessor-version":[{"id":71740,"href":"https:\/\/www.egemtv.com\/index.php?rest_route=\/wp\/v2\/posts\/71738\/revisions\/71740"}],"wp:featuredmedia":[{"embeddable":true,"href":"https:\/\/www.egemtv.com\/index.php?rest_route=\/wp\/v2\/media\/71739"}],"wp:attachment":[{"href":"https:\/\/www.egemtv.com\/index.php?rest_route=%2Fwp%2Fv2%2Fmedia&parent=71738"}],"wp:term":[{"taxonomy":"category","embeddable":true,"href":"https:\/\/www.egemtv.com\/index.php?rest_route=%2Fwp%2Fv2%2Fcategories&post=71738"},{"taxonomy":"post_tag","embeddable":true,"href":"https:\/\/www.egemtv.com\/index.php?rest_route=%2Fwp%2Fv2%2Ftags&post=71738"}],"curies":[{"name":"wp","href":"https:\/\/api.w.org\/{rel}","templated":true}]}}