{"id":71735,"date":"2025-12-03T12:15:44","date_gmt":"2025-12-03T09:15:44","guid":{"rendered":"https:\/\/www.egemtv.com\/?p=71735"},"modified":"2025-12-03T12:15:45","modified_gmt":"2025-12-03T09:15:45","slug":"incirliovada-otomobiller-carpisti-1-yarali","status":"publish","type":"post","link":"https:\/\/www.egemtv.com\/?p=71735","title":{"rendered":"\u0130ncirliova\u2019da otomobiller \u00e7arp\u0131\u015ft\u0131: 1 yaral\u0131"},"content":{"rendered":"<p>Ayd\u0131n\u2019\u0131n \u0130ncirliova il\u00e7esinde sabah saatlerinde Gerenkova Kav\u015fa\u011f\u0131\u2019nda \u00e7ift tarafl\u0131 trafik kazas\u0131nda bir ki\u015fi yaraland\u0131.<\/p>\n<p>Edinilen bilgiye g\u00f6re, Gerenkova Mahallesi\u2019nden \u00e7\u0131kan 09 AT 810 plakal\u0131 otomobil, kar\u015f\u0131 \u015feride ge\u00e7mek isterken Ayd\u0131n\u2019dan \u0130ncirliova y\u00f6n\u00fcne seyreden 35 HOY 68 plakal\u0131 ara\u00e7la \u00e7arp\u0131\u015ft\u0131. \u00c7arp\u0131\u015fman\u0131n etkisiyle 35 HOY 68 plakal\u0131 ara\u00e7ta yolcu konumunda bulunan Sedef G. yaraland\u0131. Kaza ihbar\u0131 \u00fczerine b\u00f6lgeye sa\u011fl\u0131k ve polis ekipleri sevk edildi. kazada yaralanan Sedef G. ambulansla hastaneye kald\u0131r\u0131ld\u0131.<\/p>\n<p>Kazayla ilgili soru\u015fturma s\u00fcr\u00fcyor.<br \/><\/p>\n","protected":false},"excerpt":{"rendered":"<p>Ayd\u0131n\u2019\u0131n \u0130ncirliova il\u00e7esinde sabah saatlerinde Gerenkova Kav\u015fa\u011f\u0131\u2019nda \u00e7ift tarafl\u0131 trafik kazas\u0131nda bir ki\u015fi yaraland\u0131. Edinilen bilgiye g\u00f6re, Gerenkova Mahallesi\u2019nden \u00e7\u0131kan 09 AT 810 plakal\u0131 otomobil, kar\u015f\u0131 \u015feride ge\u00e7mek isterken Ayd\u0131n\u2019dan \u0130ncirliova y\u00f6n\u00fcne seyreden 35 HOY 68 plakal\u0131 ara\u00e7la \u00e7arp\u0131\u015ft\u0131. \u00c7arp\u0131\u015fman\u0131n etkisiyle 35 HOY 68 plakal\u0131 ara\u00e7ta yolcu konumunda bulunan Sedef G. yaraland\u0131. Kaza ihbar\u0131 \u00fczerine&#8230;<\/p>\n","protected":false},"author":1,"featured_media":71736,"comment_status":"open","ping_status":"open","sticky":false,"template":"","format":"standard","meta":{"_crdt_document":"","footnotes":""},"categories":[5],"tags":[],"class_list":["post-71735","post","type-post","status-publish","format-standard","has-post-thumbnail","hentry","category-asayis"],"_links":{"self":[{"href":"https:\/\/www.egemtv.com\/index.php?rest_route=\/wp\/v2\/posts\/71735","targetHints":{"allow":["GET"]}}],"collection":[{"href":"https:\/\/www.egemtv.com\/index.php?rest_route=\/wp\/v2\/posts"}],"about":[{"href":"https:\/\/www.egemtv.com\/index.php?rest_route=\/wp\/v2\/types\/post"}],"author":[{"embeddable":true,"href":"https:\/\/www.egemtv.com\/index.php?rest_route=\/wp\/v2\/users\/1"}],"replies":[{"embeddable":true,"href":"https:\/\/www.egemtv.com\/index.php?rest_route=%2Fwp%2Fv2%2Fcomments&post=71735"}],"version-history":[{"count":1,"href":"https:\/\/www.egemtv.com\/index.php?rest_route=\/wp\/v2\/posts\/71735\/revisions"}],"predecessor-version":[{"id":71737,"href":"https:\/\/www.egemtv.com\/index.php?rest_route=\/wp\/v2\/posts\/71735\/revisions\/71737"}],"wp:featuredmedia":[{"embeddable":true,"href":"https:\/\/www.egemtv.com\/index.php?rest_route=\/wp\/v2\/media\/71736"}],"wp:attachment":[{"href":"https:\/\/www.egemtv.com\/index.php?rest_route=%2Fwp%2Fv2%2Fmedia&parent=71735"}],"wp:term":[{"taxonomy":"category","embeddable":true,"href":"https:\/\/www.egemtv.com\/index.php?rest_route=%2Fwp%2Fv2%2Fcategories&post=71735"},{"taxonomy":"post_tag","embeddable":true,"href":"https:\/\/www.egemtv.com\/index.php?rest_route=%2Fwp%2Fv2%2Ftags&post=71735"}],"curies":[{"name":"wp","href":"https:\/\/api.w.org\/{rel}","templated":true}]}}