{"id":71729,"date":"2025-12-03T12:15:42","date_gmt":"2025-12-03T09:15:42","guid":{"rendered":"https:\/\/www.egemtv.com\/?p=71729"},"modified":"2025-12-03T12:15:43","modified_gmt":"2025-12-03T09:15:43","slug":"vali-canbolat-tum-ozel-bireylerimiz-bizler-icin-birer-ilham-kaynagidir","status":"publish","type":"post","link":"https:\/\/www.egemtv.com\/?p=71729","title":{"rendered":"Vali Canbolat: &#8220;T\u00fcm \u00f6zel bireylerimiz, bizler i\u00e7in birer ilham kayna\u011f\u0131d\u0131r&#8221;"},"content":{"rendered":"<p>3 Aral\u0131k D\u00fcnya Engelliler G\u00fcn\u00fc\u2019n\u00fcn \u00f6zel bireylerin kar\u015f\u0131la\u015ft\u0131klar\u0131 g\u00fc\u00e7l\u00fckleri g\u00f6rmek ve toplumsal duyarl\u0131l\u0131\u011f\u0131 art\u0131rmak i\u00e7in g\u00fc\u00e7l\u00fc bir \u00e7a\u011fr\u0131 oldu\u011funu hat\u0131rlatan Ayd\u0131n Valisi Yakup Canbolat; &#8220;T\u00fcm \u00f6zel bireylerimiz, bizler i\u00e7in birer ilham kayna\u011f\u0131d\u0131r&#8221; dedi.<\/p>\n<p>Ayd\u0131n Valisi Yakup Canbolat, 3 Aral\u0131k D\u00fcnya Engelliler G\u00fcn\u00fc dolay\u0131s\u0131yla bir mesaj yay\u0131mlad\u0131. Her bireyin do\u011fu\u015ftan gelen haklar\u0131yla e\u015fit oldu\u011funa dikkat \u00e7eken Vali Canbolat, mesaj\u0131nda &#8220;3 Aral\u0131k D\u00fcnya Engelliler G\u00fcn\u00fc, toplum olarak hepimizi yak\u0131ndan ilgilendiren bir ger\u00e7e\u011fi yeniden hat\u0131rlad\u0131\u011f\u0131m\u0131z \u00f6nemli bir fark\u0131ndal\u0131k g\u00fcn\u00fcd\u00fcr. Her birey, do\u011fu\u015ftan gelen haklar\u0131yla e\u015fittir ve herkesin hayat\u0131n t\u00fcm alanlar\u0131na g\u00fcvenle, \u00f6zg\u00fcrce ve onuruyla kat\u0131labilmesi ortak sorumlulu\u011fumuzdur. Bug\u00fcn, \u00f6zel bireylerimizin kar\u015f\u0131la\u015ft\u0131klar\u0131 g\u00fc\u00e7l\u00fckleri g\u00f6rmek, \u00e7\u00f6z\u00fcm \u00fcretmek ve toplumsal duyarl\u0131l\u0131\u011f\u0131 art\u0131rmak i\u00e7in g\u00fc\u00e7l\u00fc bir \u00e7a\u011fr\u0131d\u0131r. As\u0131l engellerin fiziksel de\u011fil, fark\u0131ndal\u0131k ve duyarl\u0131l\u0131k eksikli\u011finden kaynakland\u0131\u011f\u0131n\u0131 hepimize hat\u0131rlat\u0131r. Valili\u011fimiz koordinasyonunda; e\u011fitimden sa\u011fl\u0131\u011fa, ula\u015f\u0131labilirlikten sosyal hayata kat\u0131l\u0131ma kadar bir\u00e7ok alanda y\u00fcr\u00fct\u00fclen \u00e7al\u0131\u015fmalar\u0131n temel amac\u0131, herkes i\u00e7in daha kapsay\u0131c\u0131 ve adil bir ya\u015fam alan\u0131 olu\u015fturmakt\u0131r. Kamu kurumlar\u0131m\u0131z, yerel y\u00f6netimlerimiz, sivil toplum kurulu\u015flar\u0131m\u0131z ve g\u00f6n\u00fcll\u00fclerimizle birlikte bu alandaki \u00e7abalar\u0131m\u0131z kararl\u0131l\u0131kla devam etmektedir. Hayatla kurduklar\u0131 g\u00fc\u00e7l\u00fc ba\u011f, m\u00fccadele azimleri ve ba\u015far\u0131lar\u0131yla toplumumuza de\u011fer katan t\u00fcm \u00f6zel bireylerimiz; bizler i\u00e7in birer ilham kayna\u011f\u0131d\u0131r. Onlara sunaca\u011f\u0131m\u0131z her destek, hem insan onuruna verdi\u011fimiz de\u011feri hem de daha adil bir toplum in\u015fa etme irademizi ortaya koymaktad\u0131r. 3 Aral\u0131k vesilesiyle bir kez daha vurgulamak isterim ki; hi\u00e7bir vatanda\u015f\u0131m\u0131z\u0131n kendini yaln\u0131z, d\u0131\u015flanm\u0131\u015f ya da \u00e7aresiz hissetmedi\u011fi bir toplum d\u00fczeni hepimizin ortak hedefi olmal\u0131d\u0131r. Daha eri\u015filebilir, daha duyarl\u0131 ve daha g\u00fc\u00e7l\u00fc bir yar\u0131n i\u00e7in hep birlikte \u00e7al\u0131\u015fmaya devam edece\u011fiz. Bu anlam ve \u00f6nem ta\u015f\u0131yan g\u00fcnde, toplumsal fark\u0131ndal\u0131\u011f\u0131n artmas\u0131n\u0131 temenni ediyor, t\u00fcm vatanda\u015flar\u0131m\u0131za sevgi ve sayg\u0131lar\u0131m\u0131 sunuyorum&#8221; ifadeleri yer ald\u0131.<br \/><\/p>\n","protected":false},"excerpt":{"rendered":"<p>3 Aral\u0131k D\u00fcnya Engelliler G\u00fcn\u00fc\u2019n\u00fcn \u00f6zel bireylerin kar\u015f\u0131la\u015ft\u0131klar\u0131 g\u00fc\u00e7l\u00fckleri g\u00f6rmek ve toplumsal duyarl\u0131l\u0131\u011f\u0131 art\u0131rmak i\u00e7in g\u00fc\u00e7l\u00fc bir \u00e7a\u011fr\u0131 oldu\u011funu hat\u0131rlatan Ayd\u0131n Valisi Yakup Canbolat; &#8220;T\u00fcm \u00f6zel bireylerimiz, bizler i\u00e7in birer ilham kayna\u011f\u0131d\u0131r&#8221; dedi. Ayd\u0131n Valisi Yakup Canbolat, 3 Aral\u0131k D\u00fcnya Engelliler G\u00fcn\u00fc dolay\u0131s\u0131yla bir mesaj yay\u0131mlad\u0131. Her bireyin do\u011fu\u015ftan gelen haklar\u0131yla e\u015fit oldu\u011funa dikkat \u00e7eken&#8230;<\/p>\n","protected":false},"author":1,"featured_media":71730,"comment_status":"open","ping_status":"open","sticky":false,"template":"","format":"standard","meta":{"_crdt_document":"","footnotes":""},"categories":[1],"tags":[],"class_list":["post-71729","post","type-post","status-publish","format-standard","has-post-thumbnail","hentry","category-guncel"],"_links":{"self":[{"href":"https:\/\/www.egemtv.com\/index.php?rest_route=\/wp\/v2\/posts\/71729","targetHints":{"allow":["GET"]}}],"collection":[{"href":"https:\/\/www.egemtv.com\/index.php?rest_route=\/wp\/v2\/posts"}],"about":[{"href":"https:\/\/www.egemtv.com\/index.php?rest_route=\/wp\/v2\/types\/post"}],"author":[{"embeddable":true,"href":"https:\/\/www.egemtv.com\/index.php?rest_route=\/wp\/v2\/users\/1"}],"replies":[{"embeddable":true,"href":"https:\/\/www.egemtv.com\/index.php?rest_route=%2Fwp%2Fv2%2Fcomments&post=71729"}],"version-history":[{"count":1,"href":"https:\/\/www.egemtv.com\/index.php?rest_route=\/wp\/v2\/posts\/71729\/revisions"}],"predecessor-version":[{"id":71731,"href":"https:\/\/www.egemtv.com\/index.php?rest_route=\/wp\/v2\/posts\/71729\/revisions\/71731"}],"wp:featuredmedia":[{"embeddable":true,"href":"https:\/\/www.egemtv.com\/index.php?rest_route=\/wp\/v2\/media\/71730"}],"wp:attachment":[{"href":"https:\/\/www.egemtv.com\/index.php?rest_route=%2Fwp%2Fv2%2Fmedia&parent=71729"}],"wp:term":[{"taxonomy":"category","embeddable":true,"href":"https:\/\/www.egemtv.com\/index.php?rest_route=%2Fwp%2Fv2%2Fcategories&post=71729"},{"taxonomy":"post_tag","embeddable":true,"href":"https:\/\/www.egemtv.com\/index.php?rest_route=%2Fwp%2Fv2%2Ftags&post=71729"}],"curies":[{"name":"wp","href":"https:\/\/api.w.org\/{rel}","templated":true}]}}