{"id":71726,"date":"2025-12-03T11:55:34","date_gmt":"2025-12-03T08:55:34","guid":{"rendered":"https:\/\/www.egemtv.com\/?p=71726"},"modified":"2025-12-03T11:55:35","modified_gmt":"2025-12-03T08:55:35","slug":"manisada-mahalle-afet-gonulluleri-projesi-hayata-geciyor","status":"publish","type":"post","link":"https:\/\/www.egemtv.com\/?p=71726","title":{"rendered":"Manisa\u2019da \u2019Mahalle afet g\u00f6n\u00fcll\u00fcleri\u2019 projesi hayata ge\u00e7iyor"},"content":{"rendered":"<p>Manisa\u2019da, afet ve acil durumlara kar\u015f\u0131 toplumsal m\u00fcdahale kapasitesini art\u0131rmak amac\u0131yla \u2018Mahalle Afet G\u00f6n\u00fcll\u00fcleri Projesi\u2019 hayata ge\u00e7iriliyor. Projede, ya\u015fanabilecek afet, yang\u0131n ve kaza durumlar\u0131nda vatanda\u015flar\u0131n profesyonel ekipler gelene kadar h\u0131zl\u0131, etkili ve bilin\u00e7li bir \u015fekilde duruma m\u00fcdahale etmesini ama\u00e7l\u0131yor.<br \/>\n<br \/>Manisa B\u00fcy\u00fck\u015fehir Belediyesi Afet \u0130\u015fleri Dairesi Ba\u015fkanl\u0131\u011f\u0131 ve \u0130tfaiye Dairesi Ba\u015fkanl\u0131\u011f\u0131 taraf\u0131ndan y\u00fcr\u00fct\u00fclecek \u2018Mahalle Afet G\u00f6n\u00fcll\u00fcleri Projesi\u2019 kapsam\u0131nda, g\u00f6n\u00fcll\u00fc vatanda\u015flara temel afet bilgisi, temel yang\u0131n e\u011fitimi, ilk yard\u0131m, afet fark\u0131ndal\u0131\u011f\u0131, ihbar s\u00fcre\u00e7leri ve acil durum davran\u0131\u015flar\u0131 gibi konularda e\u011fitimler verilerek, vatanda\u015flar\u0131n ya\u015fanabilecek olumsuz durumlara kar\u015f\u0131 haz\u0131rl\u0131kl\u0131 olmas\u0131 sa\u011flanacak. E\u011fitimlerini ba\u015far\u0131yla tamamlayan g\u00f6n\u00fcll\u00fclere sertifika verilecek ve mahallelerde olu\u015fturulacak koordinasyon a\u011f\u0131nda aktif g\u00f6rev alacaklar. Yaln\u0131zca afet ve ya\u015fanabilecek olumsuz durumlara kar\u015f\u0131 haz\u0131rl\u0131\u011f\u0131 g\u00fc\u00e7lendirmekle kalmayan proje ayn\u0131 zamanda toplumsal dayan\u0131\u015fmay\u0131, birlikte hareket etme k\u00fclt\u00fcr\u00fcn\u00fc de art\u0131rmay\u0131 hedefliyor. Mahalle Afet G\u00f6n\u00fcll\u00fcleri, ya\u015fanabilecek olumsuz durumlarda profesyonel ekiplerin olay yerine gelen kadar s\u00fcrede g\u00f6zlem, ilk de\u011ferlendirme ve y\u00f6nlendirme i\u015flemlerini sa\u011flayarak ekiplere m\u00fcdahalelerde ekstra katk\u0131 sa\u011flayacak.<\/p>\n<p>&#8220;72 saatlik e\u011fitim alacaklar&#8221;<br \/>\n<br \/>Mahalle Afet G\u00f6n\u00fcll\u00fc Projesi\u2019nin ba\u015flad\u0131\u011f\u0131n\u0131n bilgisini veren Manisa B\u00fcy\u00fck\u015fehir Belediyesi \u0130tfaiye Dairesi Ba\u015fkan\u0131 G\u00fcrhan \u0130nal, itfaiye dairesi olarak projeyi y\u00fcr\u00fcten Afet \u0130\u015fleri Dairesi Ba\u015fkanl\u0131\u011f\u0131\u2019na destek vereceklerini s\u00f6yledi. \u0130nal, &#8220;Proje bir afet durumunda o mahallede ya\u015fayan ki\u015filerin, kurtarma ekiplerine ve belediye ekiplerine nas\u0131l yard\u0131mc\u0131 olacaklar\u0131na y\u00f6nelik bilgileri kaps\u0131yor. Mahalle Afet G\u00f6n\u00fclleri, ekiplerin ula\u015f\u0131m s\u0131k\u0131nt\u0131s\u0131 \u00e7ekmemesi i\u00e7in park halindeki ya da yoldaki ara\u00e7lar\u0131n kald\u0131r\u0131lmas\u0131na yard\u0131mc\u0131 olmak, \u00e7ad\u0131r kurulumu, erzak toplama gibi faaliyetlere yard\u0131m edecekler. Bu bilgiler i\u00e7in de 72 saatlik bir e\u011fitim verilecek&#8221; dedi.<\/p>\n<p>&#8220;Amac\u0131m\u0131z ilk m\u00fcdahalede zaman kazanmak&#8221;<br \/>\n<br \/>Manisa B\u00fcy\u00fck\u015fehir Belediye Ba\u015fkan\u0131 Besim Dutlulu \u00f6nc\u00fcl\u00fc\u011f\u00fcnde, Manisa\u2019n\u0131n afet durumlar\u0131na kar\u015f\u0131 haz\u0131rl\u0131kl\u0131 hale gelmesi i\u00e7in \u2018Mahalle Afet G\u00f6n\u00fcll\u00fcleri Projesi\u2019ni ba\u015flatt\u0131klar\u0131n\u0131 s\u00f6yleyen Afet \u0130\u015fleri Dairesi Ba\u015fkan\u0131 Ziya \u00c7i\u00e7ek, projenin tan\u0131t\u0131m\u0131n\u0131 ilk olarak Yunusemre\u2019de, ikincisini ise \u015eehzadeler il\u00e7esinde yapt\u0131klar\u0131n\u0131 s\u00f6yledi. \u0130lk a\u015famada online olarak verilecek e\u011fitimlerin t\u00fcm vatanda\u015flara a\u00e7\u0131k olaca\u011f\u0131n\u0131 s\u00f6yleyen Ba\u015fkan \u00c7i\u00e7ek, &#8220;Online e\u011fitim bittikten sonra da belli saatler i\u00e7eren e\u011fitimlerimiz y\u00fcz y\u00fcze ger\u00e7ekle\u015fecek. \u00d6ncelik olarak online e\u011fitimlere kat\u0131lm\u0131\u015f olan g\u00f6n\u00fcll\u00fcleri y\u00fcz y\u00fcze e\u011fitimlere alaca\u011f\u0131z. Amac\u0131m\u0131z, Manisa\u2019daki t\u00fcm mahallelerden g\u00f6n\u00fcll\u00fcleri kazanarak, \u00f6zellikle afetlerde ilk m\u00fcdahale konusunda destek sa\u011flayacak ki\u015filer yeti\u015ftirmeyi hedefliyoruz. Bu ama\u00e7la 1 y\u0131l s\u00fcrecek e\u011fitimlerimize Manisa B\u00fcy\u00fck\u015fehir Belediyesi internet sitesi \u00fczerinden ula\u015fabilir, mahalle afet g\u00f6n\u00fcll\u00fcs\u00fc olmak i\u00e7in de ba\u015fvuru yapabilirler. Vatanda\u015flar\u0131m\u0131z\u0131n ba\u015fvurular\u0131n\u0131 bekliyoruz. Projede eme\u011fi ge\u00e7en \u00e7al\u0131\u015fma arkada\u015flar\u0131ma, g\u00f6n\u00fcll\u00fclerimize, mahalle muhtarlar\u0131na te\u015fekk\u00fcr ediyorum&#8221; dedi.<\/p>\n<p>&#8220;Ekiplere yard\u0131mc\u0131 olaca\u011f\u0131z&#8221;<br \/>\n<br \/>Mahalle Afet G\u00f6n\u00fcll\u00fcleri Projesi\u2019ni hayata ge\u00e7iren Manisa B\u00fcy\u00fck\u015fehir Belediyesi\u2019ne te\u015fekk\u00fcrlerini ileten Yunusemre il\u00e7esi Aktif Muhtarlar Derne\u011fi Ba\u015fkan\u0131 Ziya Nur Bilge, b\u00f6lgelerindeki deprem, sel, yang\u0131n gibi durumlarda ilk m\u00fcdahaleyi yaparak, ekiplere yard\u0131mc\u0131 olmak amac\u0131yla projeye g\u00f6n\u00fcll\u00fc olarak destek verdiklerini s\u00f6yledi.<br \/>\n<br \/>G\u00f6n\u00fcll\u00fc olarak projeye kat\u0131ld\u0131\u011f\u0131n\u0131 s\u00f6yleyen Eylem Demir, &#8220;B\u00fcy\u00fck\u015fehir Belediyesi\u2019nin Afet G\u00f6n\u00fcll\u00fcleri projesine g\u00f6n\u00fcll\u00fc oldum. Yang\u0131n, deprem sel gibi do\u011fal afetlerde g\u00f6revli ki\u015filer gelene kadar buradaki vatanda\u015flar\u0131 sakinle\u015ftirmek ve ekipler geldi\u011finde de yard\u0131mc\u0131 olabilmek amac\u0131yla birime kat\u0131l\u0131m sa\u011flad\u0131m&#8221; dedi.<br \/>\n<br \/>Muradiye Mahallesi Muhtar\u0131 Ey\u00fcphan Ayk\u0131ran, &#8220;Manisa B\u00fcy\u00fck\u015fehir Belediyemizin Mahalle Afet G\u00f6n\u00fcll\u00fcleri projesi \u00e7ok \u00f6nemli bir proje. Herkesin bu konuda bilin\u00e7lenmesi laz\u0131m. Projeyi hayata ge\u00e7iren B\u00fcy\u00fck\u015fehir Belediyesi\u2019ne te\u015fekk\u00fcr ederiz. Muradiye Mahallemizde projenin ilk ad\u0131mlar\u0131n\u0131n at\u0131lmas\u0131 da bizleri memnun etti&#8221; diye konu\u015ftu.<br \/><\/p>\n","protected":false},"excerpt":{"rendered":"<p>Manisa\u2019da, afet ve acil durumlara kar\u015f\u0131 toplumsal m\u00fcdahale kapasitesini art\u0131rmak amac\u0131yla \u2018Mahalle Afet G\u00f6n\u00fcll\u00fcleri Projesi\u2019 hayata ge\u00e7iriliyor. Projede, ya\u015fanabilecek afet, yang\u0131n ve kaza durumlar\u0131nda vatanda\u015flar\u0131n profesyonel ekipler gelene kadar h\u0131zl\u0131, etkili ve bilin\u00e7li bir \u015fekilde duruma m\u00fcdahale etmesini ama\u00e7l\u0131yor. Manisa B\u00fcy\u00fck\u015fehir Belediyesi Afet \u0130\u015fleri Dairesi Ba\u015fkanl\u0131\u011f\u0131 ve \u0130tfaiye Dairesi Ba\u015fkanl\u0131\u011f\u0131 taraf\u0131ndan y\u00fcr\u00fct\u00fclecek \u2018Mahalle Afet G\u00f6n\u00fcll\u00fcleri&#8230;<\/p>\n","protected":false},"author":1,"featured_media":71727,"comment_status":"open","ping_status":"open","sticky":false,"template":"","format":"standard","meta":{"_crdt_document":"","footnotes":""},"categories":[1],"tags":[],"class_list":["post-71726","post","type-post","status-publish","format-standard","has-post-thumbnail","hentry","category-guncel"],"_links":{"self":[{"href":"https:\/\/www.egemtv.com\/index.php?rest_route=\/wp\/v2\/posts\/71726","targetHints":{"allow":["GET"]}}],"collection":[{"href":"https:\/\/www.egemtv.com\/index.php?rest_route=\/wp\/v2\/posts"}],"about":[{"href":"https:\/\/www.egemtv.com\/index.php?rest_route=\/wp\/v2\/types\/post"}],"author":[{"embeddable":true,"href":"https:\/\/www.egemtv.com\/index.php?rest_route=\/wp\/v2\/users\/1"}],"replies":[{"embeddable":true,"href":"https:\/\/www.egemtv.com\/index.php?rest_route=%2Fwp%2Fv2%2Fcomments&post=71726"}],"version-history":[{"count":1,"href":"https:\/\/www.egemtv.com\/index.php?rest_route=\/wp\/v2\/posts\/71726\/revisions"}],"predecessor-version":[{"id":71728,"href":"https:\/\/www.egemtv.com\/index.php?rest_route=\/wp\/v2\/posts\/71726\/revisions\/71728"}],"wp:featuredmedia":[{"embeddable":true,"href":"https:\/\/www.egemtv.com\/index.php?rest_route=\/wp\/v2\/media\/71727"}],"wp:attachment":[{"href":"https:\/\/www.egemtv.com\/index.php?rest_route=%2Fwp%2Fv2%2Fmedia&parent=71726"}],"wp:term":[{"taxonomy":"category","embeddable":true,"href":"https:\/\/www.egemtv.com\/index.php?rest_route=%2Fwp%2Fv2%2Fcategories&post=71726"},{"taxonomy":"post_tag","embeddable":true,"href":"https:\/\/www.egemtv.com\/index.php?rest_route=%2Fwp%2Fv2%2Ftags&post=71726"}],"curies":[{"name":"wp","href":"https:\/\/api.w.org\/{rel}","templated":true}]}}